{"id":714,"date":"2008-07-01T08:45:11","date_gmt":"2008-07-01T07:45:11","guid":{"rendered":"http:\/\/www.eva.sundstrom.st\/?p=714"},"modified":"2008-07-01T08:48:36","modified_gmt":"2008-07-01T07:48:36","slug":"vi-tog-en-promenad","status":"publish","type":"post","link":"https:\/\/eva.sundstrom.st\/?p=714","title":{"rendered":"Vi tog en promenad"},"content":{"rendered":"<p>T\u00f6sen med sambo var p\u00e5 bes\u00f6k under helgen. <\/p>\n<p>Hon och yngste sonen h\u00f6ll i kameran under v\u00e5r promenad. Sj\u00e4lv st\u00f6ttade jag mig med stavar.<br \/>\nDet h\u00e4r omr\u00e5det ligger en bit utanf\u00f6r Finner\u00f6dja.<br \/>\nV\u00e4l v\u00e4rt ett bes\u00f6k om man vill upplva en stund i naturen.<br \/>\nHar man inte tagit fika med sig s\u00e5 \u00e5ngrar man sig l\u00e4tt n\u00e4r man kommer fram.<\/p>\n<p><a href='http:\/\/www.eva.sundstrom.st\/wp-content\/upload\/dsc02690.jpg' title='dsc02690.jpg'><img src='http:\/\/www.eva.sundstrom.st\/wp-content\/upload\/dsc02690.jpg' alt='dsc02690.jpg' \/><\/a><\/p>\n<p>N\u00e5gra vargar s\u00e5g vi inte men det \u00e4r sk\u00f6nt att vandra h\u00e4r. Nu \u00e4r det flera \u00e5r sedan jag gick h\u00e4r sist och jag k\u00e4nde inte riktigt igen mig. Sedan kom jag p\u00e5 att dom har ju tagit ner en massa mysig skog  \ud83d\ude41<br \/>\nFr\u00e5n den biten finns inga bilder  mer \u00e4n den lilla blomma.<\/p>\n<p><a href='http:\/\/www.eva.sundstrom.st\/wp-content\/upload\/dsc02651.jpg' title='dsc02651.jpg'><img src='http:\/\/www.eva.sundstrom.st\/wp-content\/upload\/dsc02651.jpg' alt='dsc02651.jpg' \/><\/a><\/p>\n<p>H\u00e4r beh\u00f6vs inte s\u00e5 m\u00e5nga ord. Man kan bara njuta av naturen.<\/p>\n<p><a href='http:\/\/www.eva.sundstrom.st\/wp-content\/upload\/dsc02652.jpg' title='dsc02652.jpg'><img src='http:\/\/www.eva.sundstrom.st\/wp-content\/upload\/dsc02652.jpg' alt='dsc02652.jpg' \/><\/a><\/p>\n<p><a href='http:\/\/www.eva.sundstrom.st\/wp-content\/upload\/dsc02656.jpg' title='dsc02656.jpg'><img src='http:\/\/www.eva.sundstrom.st\/wp-content\/upload\/dsc02656.jpg' alt='dsc02656.jpg' \/><\/a><\/p>\n<p><a href='http:\/\/www.eva.sundstrom.st\/wp-content\/upload\/dsc02658.jpg' title='dsc02658.jpg'><img src='http:\/\/www.eva.sundstrom.st\/wp-content\/upload\/dsc02658.jpg' alt='dsc02658.jpg' \/><\/a><\/p>\n<p><a href='http:\/\/www.eva.sundstrom.st\/wp-content\/upload\/dsc02660.jpg' title='dsc02660.jpg'><img src='http:\/\/www.eva.sundstrom.st\/wp-content\/upload\/dsc02660.jpg' alt='dsc02660.jpg' \/><\/a><\/p>\n<p><a href='http:\/\/www.eva.sundstrom.st\/wp-content\/upload\/dsc02667.jpg' title='dsc02667.jpg'><img src='http:\/\/www.eva.sundstrom.st\/wp-content\/upload\/dsc02667.jpg' alt='dsc02667.jpg' \/><\/a><\/p>\n<p>Till v\u00e4nster finns ett vindskydd med en ordentlig pressening som man kan dra f\u00f6r p\u00e5 natten om man vill \u00f6vernatta. H\u00e4r finns ett bord, grillplats, ved, en kastrull och en stekpanna. Det finns ett litet vattenh\u00e5l och en hink. Nu var vattnet aldeles svart. Undrar om det beror p\u00e5 att det \u00e4r s\u00e5 torrt eller om det alltid \u00e4r s\u00e5 p\u00e5 myren.<\/p>\n<p>Till h\u00f6ger finns ett utsiktstorn. En del av bilderna \u00e4r tagna d\u00e4rifr\u00e5n.<\/p>\n<p><a href='http:\/\/www.eva.sundstrom.st\/wp-content\/upload\/dsc02668.jpg' title='dsc02668.jpg'><img src='http:\/\/www.eva.sundstrom.st\/wp-content\/upload\/dsc02668.jpg' alt='dsc02668.jpg' \/><\/a><\/p>\n<p><a href='http:\/\/www.eva.sundstrom.st\/wp-content\/upload\/dsc02669.jpg' title='dsc02669.jpg'><img src='http:\/\/www.eva.sundstrom.st\/wp-content\/upload\/dsc02669.jpg' alt='dsc02669.jpg' \/><\/a><\/p>\n<p>Billy var ju ocks\u00e5 med.<\/p>\n<p><a href='http:\/\/www.eva.sundstrom.st\/wp-content\/upload\/dsc02670.jpg' title='dsc02670.jpg'><img src='http:\/\/www.eva.sundstrom.st\/wp-content\/upload\/dsc02670.jpg' alt='dsc02670.jpg' \/><\/a><\/p>\n<p>Ett held\u00f6tt tr\u00e4d som st\u00e5r d\u00e4r s\u00e5 resligt. Har n\u00e5gt vackert \u00f6ver sig trotts att det \u00e4r aldeles kalt.<\/p>\n<p><a href='http:\/\/www.eva.sundstrom.st\/wp-content\/upload\/dsc02673.jpg' title='dsc02673.jpg'><img src='http:\/\/www.eva.sundstrom.st\/wp-content\/upload\/dsc02673.jpg' alt='dsc02673.jpg' \/><\/a><\/p>\n<p><a href='http:\/\/www.eva.sundstrom.st\/wp-content\/upload\/dsc02675.jpg' title='dsc02675.jpg'><img src='http:\/\/www.eva.sundstrom.st\/wp-content\/upload\/dsc02675.jpg' alt='dsc02675.jpg' \/><\/a><\/p>\n<p><a href='http:\/\/www.eva.sundstrom.st\/wp-content\/upload\/dsc02676.jpg' title='dsc02676.jpg'><img src='http:\/\/www.eva.sundstrom.st\/wp-content\/upload\/dsc02676.jpg' alt='dsc02676.jpg' \/><\/a><\/p>\n<p><a href='http:\/\/www.eva.sundstrom.st\/wp-content\/upload\/dsc02681.jpg' title='dsc02681.jpg'><img src='http:\/\/www.eva.sundstrom.st\/wp-content\/upload\/dsc02681.jpg' alt='dsc02681.jpg' \/><\/a><\/p>\n<p><a href='http:\/\/www.eva.sundstrom.st\/wp-content\/upload\/dsc02682.jpg' title='dsc02682.jpg'><img src='http:\/\/www.eva.sundstrom.st\/wp-content\/upload\/dsc02682.jpg' alt='dsc02682.jpg' \/><\/a><\/p>\n<p>N\u00e4r vi \u00e5kte hem stod skogens kunung vid v\u00e4gkanten<\/p>\n<p><a href='http:\/\/www.eva.sundstrom.st\/wp-content\/upload\/dsc02692.jpg' title='dsc02692.jpg'><img src='http:\/\/www.eva.sundstrom.st\/wp-content\/upload\/dsc02692.jpg' alt='dsc02692.jpg' \/><\/a><\/p>\n<p>Nu \u00e4r vikaffesugna s\u00e5 det f\u00f6rsl\u00e5r. P\u00e5 med kaffepannan och fram med mackor och annat gott<\/p>\n<p><a href='http:\/\/www.eva.sundstrom.st\/wp-content\/upload\/dsc02700.jpg' title='dsc02700.jpg'><img src='http:\/\/www.eva.sundstrom.st\/wp-content\/upload\/dsc02700.jpg' alt='dsc02700.jpg' \/><\/a><\/p>\n<p>M\u00e4tta och bel\u00e5tna ska t\u00f6sen och jag ut och leka.  Vi f\u00e5r se om jag t\u00f6rs visa n\u00e5got fr\u00e5n den leken. Jag ska t\u00e4nka p\u00e5 saken.<br \/>\nHa det bra<\/p>\n","protected":false},"excerpt":{"rendered":"<p>T\u00f6sen med sambo var p\u00e5 bes\u00f6k under helgen. Hon och yngste sonen h\u00f6ll i kameran under v\u00e5r promenad. Sj\u00e4lv st\u00f6ttade jag mig med stavar. Det h\u00e4r omr\u00e5det ligger en bit utanf\u00f6r Finner\u00f6dja. V\u00e4l v\u00e4rt ett bes\u00f6k om man vill upplva en stund i naturen. Har man inte tagit fika med sig s\u00e5 \u00e5ngrar man sig [&hellip;]<\/p>\n","protected":false},"author":1,"featured_media":0,"comment_status":"open","ping_status":"open","sticky":false,"template":"","format":"standard","meta":{"footnotes":""},"categories":[1],"tags":[],"class_list":["post-714","post","type-post","status-publish","format-standard","hentry","category-uncategorized"],"_links":{"self":[{"href":"https:\/\/eva.sundstrom.st\/index.php?rest_route=\/wp\/v2\/posts\/714","targetHints":{"allow":["GET"]}}],"collection":[{"href":"https:\/\/eva.sundstrom.st\/index.php?rest_route=\/wp\/v2\/posts"}],"about":[{"href":"https:\/\/eva.sundstrom.st\/index.php?rest_route=\/wp\/v2\/types\/post"}],"author":[{"embeddable":true,"href":"https:\/\/eva.sundstrom.st\/index.php?rest_route=\/wp\/v2\/users\/1"}],"replies":[{"embeddable":true,"href":"https:\/\/eva.sundstrom.st\/index.php?rest_route=%2Fwp%2Fv2%2Fcomments&post=714"}],"version-history":[{"count":0,"href":"https:\/\/eva.sundstrom.st\/index.php?rest_route=\/wp\/v2\/posts\/714\/revisions"}],"wp:attachment":[{"href":"https:\/\/eva.sundstrom.st\/index.php?rest_route=%2Fwp%2Fv2%2Fmedia&parent=714"}],"wp:term":[{"taxonomy":"category","embeddable":true,"href":"https:\/\/eva.sundstrom.st\/index.php?rest_route=%2Fwp%2Fv2%2Fcategories&post=714"},{"taxonomy":"post_tag","embeddable":true,"href":"https:\/\/eva.sundstrom.st\/index.php?rest_route=%2Fwp%2Fv2%2Ftags&post=714"}],"curies":[{"name":"wp","href":"https:\/\/api.w.org\/{rel}","templated":true}]}}