{"id":73,"date":"2007-06-25T18:52:51","date_gmt":"2007-06-25T17:52:51","guid":{"rendered":"http:\/\/www.eva.sundstrom.st\/?p=73"},"modified":"2007-06-27T07:42:23","modified_gmt":"2007-06-27T06:42:23","slug":"midsommar-2007","status":"publish","type":"post","link":"https:\/\/eva.sundstrom.st\/?p=73","title":{"rendered":"Midsommar 2007"},"content":{"rendered":"<p>\u00e4r \u00f6ver. S\u00e5 g\u00e5r vi mot m\u00f6rkare tider igen. Neej.. Det d\u00e4r l\u00e4t f\u00f6r dystert.<br \/>\nHar ju bar n\u00e5gra veckor kvar att jobba och sedan den riktiga sommarsemestern att se fram emot.<br \/>\nM\u00e5nga dagar med stickorna. B\u00e5de strumpor och sjalar. Vandringar i den gr\u00f6na tr\u00e4dg\u00e5rden f\u00f6r att f\u00e5 frisk luft och stilla sinnet.<br \/>\nVila   blicken p\u00e5 denna lilja, eller \u00e4r det en iris?  I mina \u00f6gon spelar det ingen roll. Tycker bara den \u00e4r vacker. <\/p>\n<p><a href='http:\/\/www.eva.sundstrom.st\/wp-content\/upload\/dsc00209.jpg' title='dsc00209.jpg'><img src='http:\/\/www.eva.sundstrom.st\/wp-content\/upload\/dsc00209.tumnagel.jpg' alt='dsc00209.jpg' \/><\/a><\/p>\n<p>P\u00e5 midsommarafton bj\u00f6ds det traditionsenligt p\u00e5 jordgubbst\u00e5rta.<\/p>\n<p><a href='http:\/\/www.eva.sundstrom.st\/wp-content\/upload\/dsc00247.jpg' title='dsc00247.jpg'><img src='http:\/\/www.eva.sundstrom.st\/wp-content\/upload\/dsc00247.tumnagel.jpg' alt='dsc00247.jpg' \/><\/a><\/p>\n<p>Regnet kom, gick och kom igen.<br \/>\nEn underbar altan byggde maken f\u00f6r n\u00e5got \u00e5r sedan. D\u00e4r tillbringades mesta tiden. Inga danser runt midsommarst\u00e5ngen men vi spelade spel med ungdommarna till l\u00e5ngt fram\u00e5t natten. Enda ljusk\u00e4llan d\u00e4r ute \u00e4r v\u00e4rmeljus. Mysigt.<\/p>\n<p>P\u00e5 s\u00f6ndag f\u00f6rmiddag, medan jag sk\u00f6tte mitt inkomstbringande arbete, vandrade \u00f6vriga familjen ut till Vargaviddern. F\u00f6r den som tycker om natur kan det rekomenderas. T\u00f6sen min tog den h\u00e4r bilden, bland m\u00e5nga, d\u00e4r ute.<\/p>\n<p><a href='http:\/\/www.eva.sundstrom.st\/wp-content\/upload\/dsc00289.jpg' title='dsc00289.jpg'><img src='http:\/\/www.eva.sundstrom.st\/wp-content\/upload\/dsc00289.tumnagel.jpg' alt='dsc00289.jpg' \/><\/a><\/p>\n<p>Under dagens tr\u00e4dg\u00e5rdsrunda plockades \u00e5rets f\u00f6rsta sk\u00f6rd av egna jordgubbar.<\/p>\n<p><a href='http:\/\/www.eva.sundstrom.st\/wp-content\/upload\/dsc00299.jpg' title='dsc00299.jpg'><img src='http:\/\/www.eva.sundstrom.st\/wp-content\/upload\/dsc00299.tumnagel.jpg' alt='dsc00299.jpg' \/><\/a><\/p>\n<p>M\u00e5 gott.<\/p>\n","protected":false},"excerpt":{"rendered":"<p>\u00e4r \u00f6ver. S\u00e5 g\u00e5r vi mot m\u00f6rkare tider igen. Neej.. Det d\u00e4r l\u00e4t f\u00f6r dystert. Har ju bar n\u00e5gra veckor kvar att jobba och sedan den riktiga sommarsemestern att se fram emot. M\u00e5nga dagar med stickorna. B\u00e5de strumpor och sjalar. Vandringar i den gr\u00f6na tr\u00e4dg\u00e5rden f\u00f6r att f\u00e5 frisk luft och stilla sinnet. Vila blicken [&hellip;]<\/p>\n","protected":false},"author":1,"featured_media":0,"comment_status":"open","ping_status":"open","sticky":false,"template":"","format":"standard","meta":{"footnotes":""},"categories":[1],"tags":[],"class_list":["post-73","post","type-post","status-publish","format-standard","hentry","category-uncategorized"],"_links":{"self":[{"href":"https:\/\/eva.sundstrom.st\/index.php?rest_route=\/wp\/v2\/posts\/73","targetHints":{"allow":["GET"]}}],"collection":[{"href":"https:\/\/eva.sundstrom.st\/index.php?rest_route=\/wp\/v2\/posts"}],"about":[{"href":"https:\/\/eva.sundstrom.st\/index.php?rest_route=\/wp\/v2\/types\/post"}],"author":[{"embeddable":true,"href":"https:\/\/eva.sundstrom.st\/index.php?rest_route=\/wp\/v2\/users\/1"}],"replies":[{"embeddable":true,"href":"https:\/\/eva.sundstrom.st\/index.php?rest_route=%2Fwp%2Fv2%2Fcomments&post=73"}],"version-history":[{"count":0,"href":"https:\/\/eva.sundstrom.st\/index.php?rest_route=\/wp\/v2\/posts\/73\/revisions"}],"wp:attachment":[{"href":"https:\/\/eva.sundstrom.st\/index.php?rest_route=%2Fwp%2Fv2%2Fmedia&parent=73"}],"wp:term":[{"taxonomy":"category","embeddable":true,"href":"https:\/\/eva.sundstrom.st\/index.php?rest_route=%2Fwp%2Fv2%2Fcategories&post=73"},{"taxonomy":"post_tag","embeddable":true,"href":"https:\/\/eva.sundstrom.st\/index.php?rest_route=%2Fwp%2Fv2%2Ftags&post=73"}],"curies":[{"name":"wp","href":"https:\/\/api.w.org\/{rel}","templated":true}]}}