{"id":7325,"date":"2020-03-15T14:29:52","date_gmt":"2020-03-15T13:29:52","guid":{"rendered":"http:\/\/www.eva.sundstrom.st\/?p=7325"},"modified":"2020-03-15T14:30:22","modified_gmt":"2020-03-15T13:30:22","slug":"7325","status":"publish","type":"post","link":"https:\/\/eva.sundstrom.st\/?p=7325","title":{"rendered":"Talande text!"},"content":{"rendered":"<p>M\u00d6TET<br \/>\nText: J.Villard \/ Nanne Gr\u00f6nvall<br \/>\nMusik: J.Villard<br \/>\nINSPELAD MED: SANNA NIELSEN<br \/>\nCD: &#8221;Silvertoner&#8221; \u00c5R: 1996<\/p>\n<p>Jag minns en gammal dam i parken<br \/>\nHon s\u00e5g p\u00e5 mej och log s\u00e5 rart<br \/>\nJag satte mej hos henne p\u00e5 b\u00e4nken<br \/>\nHon v\u00e4nde sej mot mej och sa:<\/p>\n<p>F\u00f6r l\u00e4ngesedan var jag ung som du<br \/>\nMen jag minns det som om det var i g\u00e5r<br \/>\nTa vara p\u00e5 den dag som kommer<br \/>\nF\u00f6r tiden g\u00e5r och blir till \u00e5r.<\/p>\n<p>REF<strong>: S\u00e5 ta f\u00f6r dej utav livet<br \/>\nGl\u00e4ds \u00e5t allt i stort och sm\u00e5tt<br \/>\nOch ta ingenting f\u00f6r givet<br \/>\nL\u00e4r av misstag du beg\u00e5tt<\/p>\n<p>Lika m\u00e4ktiga som bergen<br \/>\nLika m\u00e4ktig \u00e4r din sj\u00e4l<br \/>\nS\u00e5 var r\u00e4dd om \u00e4rlig v\u00e4nskap<br \/>\nOch dej sj\u00e4lv och dom du \u00e4lskar<br \/>\nOch beh\u00e5ll din lekfullhet<\/strong><\/p>\n<p>Hon sa: &#8221;Jag har upplevt mycket<br \/>\nHar vandrat livets l\u00e5nga v\u00e4g<br \/>\nOch du, min v\u00e4n, har bara g\u00e5tt ett stycke<br \/>\nOch har s\u00e5 mycket kvar att ge&#8221;<\/p>\n<p>REF: S\u00e5 ta f\u00f6r dej utav livet&#8230;<\/p>\n<p>S\u00e5 m\u00e5nga sanningar!<\/p>\n","protected":false},"excerpt":{"rendered":"<p>M\u00d6TET Text: J.Villard \/ Nanne Gr\u00f6nvall Musik: J.Villard INSPELAD MED: SANNA NIELSEN CD: &#8221;Silvertoner&#8221; \u00c5R: 1996 Jag minns en gammal dam i parken Hon s\u00e5g p\u00e5 mej och log s\u00e5 rart Jag satte mej hos henne p\u00e5 b\u00e4nken Hon v\u00e4nde sej mot mej och sa: F\u00f6r l\u00e4ngesedan var jag ung som du Men jag minns [&hellip;]<\/p>\n","protected":false},"author":1,"featured_media":0,"comment_status":"open","ping_status":"open","sticky":false,"template":"","format":"standard","meta":{"footnotes":""},"categories":[9],"tags":[],"class_list":["post-7325","post","type-post","status-publish","format-standard","hentry","category-livet"],"_links":{"self":[{"href":"https:\/\/eva.sundstrom.st\/index.php?rest_route=\/wp\/v2\/posts\/7325","targetHints":{"allow":["GET"]}}],"collection":[{"href":"https:\/\/eva.sundstrom.st\/index.php?rest_route=\/wp\/v2\/posts"}],"about":[{"href":"https:\/\/eva.sundstrom.st\/index.php?rest_route=\/wp\/v2\/types\/post"}],"author":[{"embeddable":true,"href":"https:\/\/eva.sundstrom.st\/index.php?rest_route=\/wp\/v2\/users\/1"}],"replies":[{"embeddable":true,"href":"https:\/\/eva.sundstrom.st\/index.php?rest_route=%2Fwp%2Fv2%2Fcomments&post=7325"}],"version-history":[{"count":3,"href":"https:\/\/eva.sundstrom.st\/index.php?rest_route=\/wp\/v2\/posts\/7325\/revisions"}],"predecessor-version":[{"id":7328,"href":"https:\/\/eva.sundstrom.st\/index.php?rest_route=\/wp\/v2\/posts\/7325\/revisions\/7328"}],"wp:attachment":[{"href":"https:\/\/eva.sundstrom.st\/index.php?rest_route=%2Fwp%2Fv2%2Fmedia&parent=7325"}],"wp:term":[{"taxonomy":"category","embeddable":true,"href":"https:\/\/eva.sundstrom.st\/index.php?rest_route=%2Fwp%2Fv2%2Fcategories&post=7325"},{"taxonomy":"post_tag","embeddable":true,"href":"https:\/\/eva.sundstrom.st\/index.php?rest_route=%2Fwp%2Fv2%2Ftags&post=7325"}],"curies":[{"name":"wp","href":"https:\/\/api.w.org\/{rel}","templated":true}]}}