{"id":735,"date":"2008-07-02T13:10:12","date_gmt":"2008-07-02T12:10:12","guid":{"rendered":"http:\/\/www.eva.sundstrom.st\/?p=735"},"modified":"2008-07-02T13:11:56","modified_gmt":"2008-07-02T12:11:56","slug":"lekstund","status":"publish","type":"post","link":"https:\/\/eva.sundstrom.st\/?p=735","title":{"rendered":"Lekstund"},"content":{"rendered":"<p>Nu har jag best\u00e4mt mig.<\/p>\n<p>I dag har jag rensat  bland n\u00e5gra stenar som ligger bredvid trappen.D\u00e5 fick jag en ide att pula ner n\u00e5gra sm\u00e5 alster fr\u00e5n lekstunden t\u00f6sen och jag hade i L\u00f6rdags.<\/p>\n<p><a href='http:\/\/www.eva.sundstrom.st\/wp-content\/upload\/dsc02736-small.JPG' title='dsc02736-small.JPG'><img src='http:\/\/www.eva.sundstrom.st\/wp-content\/upload\/dsc02736-small.JPG' alt='dsc02736-small.JPG' \/><\/a><\/p>\n<p>Sedan pysslade jag om pelargoner som st\u00e5r vid garagev\u00e4ggen och tyckte att n\u00e4sta alster passade d\u00e4r.<\/p>\n<p><a href='http:\/\/www.eva.sundstrom.st\/wp-content\/upload\/dsc02738-small.JPG' title='dsc02738-small.JPG'><img src='http:\/\/www.eva.sundstrom.st\/wp-content\/upload\/dsc02738-small.JPG' alt='dsc02738-small.JPG' \/><\/a>.<\/p>\n<p>En liten sak tog hon med sig hem.<\/p>\n<p><a href='http:\/\/www.eva.sundstrom.st\/wp-content\/upload\/dsc02719.jpg' title='dsc02719.jpg'><img src='http:\/\/www.eva.sundstrom.st\/wp-content\/upload\/dsc02719.jpg' alt='dsc02719.jpg' \/><\/a><\/p>\n<p>Vi ins\u00e5g snbbt att vi saknade alla kunskaper om denna \u00e4dla konst. Leker man ska man ha roligt och det hade vi och har man roligt kan man dela med sig.<\/p>\n<p>S\u00e5 skulle det vattnas i v\u00e4xthuset och montbretia och doftliljan hamnade vid entren.<\/p>\n<p><a href='http:\/\/www.eva.sundstrom.st\/wp-content\/upload\/dsc02747-small.JPG' title='dsc02747-small.JPG'><img src='http:\/\/www.eva.sundstrom.st\/wp-content\/upload\/dsc02747-small.JPG' alt='dsc02747-small.JPG' \/><\/a><\/p>\n<p>N\u00e4r detta var klart m\u00e5ste jag in och svalka mig i k\u00e4llaren en stund.<br \/>\nNu ska jag ut i solen igen och jag tror jag bara ska sitta och njuta en stund.<\/p>\n<p>Ta det lugnt och m\u00e5 gott.<\/p>\n","protected":false},"excerpt":{"rendered":"<p>Nu har jag best\u00e4mt mig. I dag har jag rensat bland n\u00e5gra stenar som ligger bredvid trappen.D\u00e5 fick jag en ide att pula ner n\u00e5gra sm\u00e5 alster fr\u00e5n lekstunden t\u00f6sen och jag hade i L\u00f6rdags. Sedan pysslade jag om pelargoner som st\u00e5r vid garagev\u00e4ggen och tyckte att n\u00e4sta alster passade d\u00e4r. . En liten sak [&hellip;]<\/p>\n","protected":false},"author":1,"featured_media":0,"comment_status":"open","ping_status":"open","sticky":false,"template":"","format":"standard","meta":{"footnotes":""},"categories":[1],"tags":[],"class_list":["post-735","post","type-post","status-publish","format-standard","hentry","category-uncategorized"],"_links":{"self":[{"href":"https:\/\/eva.sundstrom.st\/index.php?rest_route=\/wp\/v2\/posts\/735","targetHints":{"allow":["GET"]}}],"collection":[{"href":"https:\/\/eva.sundstrom.st\/index.php?rest_route=\/wp\/v2\/posts"}],"about":[{"href":"https:\/\/eva.sundstrom.st\/index.php?rest_route=\/wp\/v2\/types\/post"}],"author":[{"embeddable":true,"href":"https:\/\/eva.sundstrom.st\/index.php?rest_route=\/wp\/v2\/users\/1"}],"replies":[{"embeddable":true,"href":"https:\/\/eva.sundstrom.st\/index.php?rest_route=%2Fwp%2Fv2%2Fcomments&post=735"}],"version-history":[{"count":0,"href":"https:\/\/eva.sundstrom.st\/index.php?rest_route=\/wp\/v2\/posts\/735\/revisions"}],"wp:attachment":[{"href":"https:\/\/eva.sundstrom.st\/index.php?rest_route=%2Fwp%2Fv2%2Fmedia&parent=735"}],"wp:term":[{"taxonomy":"category","embeddable":true,"href":"https:\/\/eva.sundstrom.st\/index.php?rest_route=%2Fwp%2Fv2%2Fcategories&post=735"},{"taxonomy":"post_tag","embeddable":true,"href":"https:\/\/eva.sundstrom.st\/index.php?rest_route=%2Fwp%2Fv2%2Ftags&post=735"}],"curies":[{"name":"wp","href":"https:\/\/api.w.org\/{rel}","templated":true}]}}