{"id":7361,"date":"2020-03-22T20:46:37","date_gmt":"2020-03-22T19:46:37","guid":{"rendered":"http:\/\/www.eva.sundstrom.st\/?p=7361"},"modified":"2020-03-22T20:46:37","modified_gmt":"2020-03-22T19:46:37","slug":"natur-200322","status":"publish","type":"post","link":"https:\/\/eva.sundstrom.st\/?p=7361","title":{"rendered":"Natur 200322"},"content":{"rendered":"<p>St\u00e4ndigt \u00e5terkommande objekt p\u00e5 mina bilder \u00e4r ju vatten!<\/p>\n<p>I dag finns d\u00e4r \u00e4ven minnen\/rester fr\u00e5n en svunnen tid!<\/p>\n<p><a href=\"http:\/\/www.eva.sundstrom.st\/wp-content\/upload\/IMG_3890.jpg\"><img loading=\"lazy\" decoding=\"async\" src=\"http:\/\/www.eva.sundstrom.st\/wp-content\/upload\/IMG_3890.jpg\" alt=\"IMG_3890\" width=\"500\" height=\"375\" class=\"aligncenter size-full wp-image-7363\" srcset=\"https:\/\/eva.sundstrom.st\/wp-content\/upload\/IMG_3890.jpg 500w, https:\/\/eva.sundstrom.st\/wp-content\/upload\/IMG_3890-300x225.jpg 300w\" sizes=\"auto, (max-width: 500px) 100vw, 500px\" \/><\/a><\/p>\n<p>H\u00e4r mitt emellan dessa bilder g\u00e5r vi \u00f6ver en bro<\/p>\n<p><a href=\"http:\/\/www.eva.sundstrom.st\/wp-content\/upload\/IMG_3891.jpg\"><img loading=\"lazy\" decoding=\"async\" src=\"http:\/\/www.eva.sundstrom.st\/wp-content\/upload\/IMG_3891.jpg\" alt=\"IMG_3891\" width=\"500\" height=\"375\" class=\"aligncenter size-full wp-image-7364\" srcset=\"https:\/\/eva.sundstrom.st\/wp-content\/upload\/IMG_3891.jpg 500w, https:\/\/eva.sundstrom.st\/wp-content\/upload\/IMG_3891-300x225.jpg 300w\" sizes=\"auto, (max-width: 500px) 100vw, 500px\" \/><\/a><\/p>\n<p><a href=\"http:\/\/www.eva.sundstrom.st\/wp-content\/upload\/IMG_3892.jpg\"><img loading=\"lazy\" decoding=\"async\" src=\"http:\/\/www.eva.sundstrom.st\/wp-content\/upload\/IMG_3892.jpg\" alt=\"IMG_3892\" width=\"500\" height=\"375\" class=\"aligncenter size-full wp-image-7365\" srcset=\"https:\/\/eva.sundstrom.st\/wp-content\/upload\/IMG_3892.jpg 500w, https:\/\/eva.sundstrom.st\/wp-content\/upload\/IMG_3892-300x225.jpg 300w\" sizes=\"auto, (max-width: 500px) 100vw, 500px\" \/><\/a><\/p>\n<p><a href=\"http:\/\/www.eva.sundstrom.st\/wp-content\/upload\/IMG_3896.jpg\"><img loading=\"lazy\" decoding=\"async\" src=\"http:\/\/www.eva.sundstrom.st\/wp-content\/upload\/IMG_3896.jpg\" alt=\"IMG_3896\" width=\"500\" height=\"375\" class=\"aligncenter size-full wp-image-7366\" srcset=\"https:\/\/eva.sundstrom.st\/wp-content\/upload\/IMG_3896.jpg 500w, https:\/\/eva.sundstrom.st\/wp-content\/upload\/IMG_3896-300x225.jpg 300w\" sizes=\"auto, (max-width: 500px) 100vw, 500px\" \/><\/a><\/p>\n<p><a href=\"http:\/\/www.eva.sundstrom.st\/wp-content\/upload\/IMG_3898.jpg\"><img loading=\"lazy\" decoding=\"async\" src=\"http:\/\/www.eva.sundstrom.st\/wp-content\/upload\/IMG_3898.jpg\" alt=\"IMG_3898\" width=\"500\" height=\"375\" class=\"aligncenter size-full wp-image-7367\" srcset=\"https:\/\/eva.sundstrom.st\/wp-content\/upload\/IMG_3898.jpg 500w, https:\/\/eva.sundstrom.st\/wp-content\/upload\/IMG_3898-300x225.jpg 300w\" sizes=\"auto, (max-width: 500px) 100vw, 500px\" \/><\/a><\/p>\n<p>Rester fr\u00e5n den kvarn som en g\u00e5ng i tiden fanns h\u00e4r!<\/p>\n<p><a href=\"http:\/\/www.eva.sundstrom.st\/wp-content\/upload\/IMG_3900.jpg\"><img loading=\"lazy\" decoding=\"async\" src=\"http:\/\/www.eva.sundstrom.st\/wp-content\/upload\/IMG_3900.jpg\" alt=\"IMG_3900\" width=\"500\" height=\"375\" class=\"aligncenter size-full wp-image-7369\" srcset=\"https:\/\/eva.sundstrom.st\/wp-content\/upload\/IMG_3900.jpg 500w, https:\/\/eva.sundstrom.st\/wp-content\/upload\/IMG_3900-300x225.jpg 300w\" sizes=\"auto, (max-width: 500px) 100vw, 500px\" \/><\/a><\/p>\n<p>Klosterklockor i flertal vittnar om att platsen varit bebodd! Tror faktiskt det var i b\u00f6rjan p\u00e5 -70 talet som boningshuset h\u00e4r brann ner. Sedan har platsen bara f\u00f6rfallit!<\/p>\n<p><a href=\"http:\/\/www.eva.sundstrom.st\/wp-content\/upload\/IMG_3899.jpg\"><img loading=\"lazy\" decoding=\"async\" src=\"http:\/\/www.eva.sundstrom.st\/wp-content\/upload\/IMG_3899.jpg\" alt=\"IMG_3899\" width=\"500\" height=\"375\" class=\"aligncenter size-full wp-image-7368\" srcset=\"https:\/\/eva.sundstrom.st\/wp-content\/upload\/IMG_3899.jpg 500w, https:\/\/eva.sundstrom.st\/wp-content\/upload\/IMG_3899-300x225.jpg 300w\" sizes=\"auto, (max-width: 500px) 100vw, 500px\" \/><\/a><\/p>\n<p>Slutar med solnedg\u00e5ng \u00f6ver kyrkog\u00e5rden, sedan \u00e4r det bara tr\u00e5kig asfalt resten av v\u00e4gen hem!<\/p>\n<p><a href=\"http:\/\/www.eva.sundstrom.st\/wp-content\/upload\/IMG_3906.jpg\"><img loading=\"lazy\" decoding=\"async\" src=\"http:\/\/www.eva.sundstrom.st\/wp-content\/upload\/IMG_3906.jpg\" alt=\"IMG_3906\" width=\"500\" height=\"375\" class=\"aligncenter size-full wp-image-7370\" srcset=\"https:\/\/eva.sundstrom.st\/wp-content\/upload\/IMG_3906.jpg 500w, https:\/\/eva.sundstrom.st\/wp-content\/upload\/IMG_3906-300x225.jpg 300w\" sizes=\"auto, (max-width: 500px) 100vw, 500px\" \/><\/a><\/p>\n","protected":false},"excerpt":{"rendered":"<p>St\u00e4ndigt \u00e5terkommande objekt p\u00e5 mina bilder \u00e4r ju vatten! I dag finns d\u00e4r \u00e4ven minnen\/rester fr\u00e5n en svunnen tid! H\u00e4r mitt emellan dessa bilder g\u00e5r vi \u00f6ver en bro Rester fr\u00e5n den kvarn som en g\u00e5ng i tiden fanns h\u00e4r! Klosterklockor i flertal vittnar om att platsen varit bebodd! Tror faktiskt det var i b\u00f6rjan [&hellip;]<\/p>\n","protected":false},"author":1,"featured_media":0,"comment_status":"open","ping_status":"open","sticky":false,"template":"","format":"standard","meta":{"footnotes":""},"categories":[9,16],"tags":[],"class_list":["post-7361","post","type-post","status-publish","format-standard","hentry","category-livet","category-natur"],"_links":{"self":[{"href":"https:\/\/eva.sundstrom.st\/index.php?rest_route=\/wp\/v2\/posts\/7361","targetHints":{"allow":["GET"]}}],"collection":[{"href":"https:\/\/eva.sundstrom.st\/index.php?rest_route=\/wp\/v2\/posts"}],"about":[{"href":"https:\/\/eva.sundstrom.st\/index.php?rest_route=\/wp\/v2\/types\/post"}],"author":[{"embeddable":true,"href":"https:\/\/eva.sundstrom.st\/index.php?rest_route=\/wp\/v2\/users\/1"}],"replies":[{"embeddable":true,"href":"https:\/\/eva.sundstrom.st\/index.php?rest_route=%2Fwp%2Fv2%2Fcomments&post=7361"}],"version-history":[{"count":10,"href":"https:\/\/eva.sundstrom.st\/index.php?rest_route=\/wp\/v2\/posts\/7361\/revisions"}],"predecessor-version":[{"id":7380,"href":"https:\/\/eva.sundstrom.st\/index.php?rest_route=\/wp\/v2\/posts\/7361\/revisions\/7380"}],"wp:attachment":[{"href":"https:\/\/eva.sundstrom.st\/index.php?rest_route=%2Fwp%2Fv2%2Fmedia&parent=7361"}],"wp:term":[{"taxonomy":"category","embeddable":true,"href":"https:\/\/eva.sundstrom.st\/index.php?rest_route=%2Fwp%2Fv2%2Fcategories&post=7361"},{"taxonomy":"post_tag","embeddable":true,"href":"https:\/\/eva.sundstrom.st\/index.php?rest_route=%2Fwp%2Fv2%2Ftags&post=7361"}],"curies":[{"name":"wp","href":"https:\/\/api.w.org\/{rel}","templated":true}]}}