{"id":738,"date":"2008-07-09T19:05:12","date_gmt":"2008-07-09T18:05:12","guid":{"rendered":"http:\/\/www.eva.sundstrom.st\/?p=738"},"modified":"2008-07-09T19:05:12","modified_gmt":"2008-07-09T18:05:12","slug":"sma-gladjeamnen","status":"publish","type":"post","link":"https:\/\/eva.sundstrom.st\/?p=738","title":{"rendered":"Sm"},"content":{"rendered":"<p>\nEn solig dag efter lite bl\u00f6ta dagar.<br \/>\nVattnet beh\u00f6vs verkligen men det blir ju s\u00e5 gr\u00e5kallt s\u00e5 fort det b\u00f6rjar regna.<br \/>\nEn bra sak med regndagar var att jag kom ig\u00e5ng med v\u00e4vstolen igen.<br \/>\nIllustrationen till det lyckades jag fiffla bort.<\/p>\n<p>Andra gl\u00e4dje\u00e4mnen finns.Har haft ett antal potatisblommor under \u00e5rets lopp. Olika till storlek och blommvillighet och v\u00e4xts\u00e4tt.<br \/>\nDetta \u00e4r ett skott fr\u00e5n f\u00f6rra \u00e5ret och aldrig f\u00f6rut har det h\u00e4nt att den f\u00e5tt frukter. <\/p>\n<p><a href='http:\/\/www.eva.sundstrom.st\/wp-content\/upload\/dsc02768.jpg' title='dsc02768.jpg'><img src='http:\/\/www.eva.sundstrom.st\/wp-content\/upload\/dsc02768.jpg' alt='dsc02768.jpg' \/><\/a><\/p>\n<p>Frukter och frukter, det \u00e4r ju bara en men \u00e4nd\u00e5  \ud83d\ude09<\/p>\n<p>P\u00e5 trappen st\u00e5r  korgen med gr\u00f6na v\u00e4xter<br \/>\n  och en liten rosa stj\u00e4rnpelargon <\/p>\n<p><a href='http:\/\/www.eva.sundstrom.st\/wp-content\/upload\/dsc02775.jpg' title='dsc02775.jpg'><img src='http:\/\/www.eva.sundstrom.st\/wp-content\/upload\/dsc02775.jpg' alt='dsc02775.jpg' \/><\/a><\/p>\n<p>En ny knopp p\u00e5 den gula rosen. Om ni \u00e4r ute och g\u00e5r i morgon igen Camilla , s\u00e5 f\u00e5r ni sv\u00e4nga in och kolla. D\u00e5 har den s\u00e4kert slagit ut.<\/p>\n<p><a href='http:\/\/www.eva.sundstrom.st\/wp-content\/upload\/dsc02776.jpg' title='dsc02776.jpg'><img src='http:\/\/www.eva.sundstrom.st\/wp-content\/upload\/dsc02776.jpg' alt='dsc02776.jpg' \/><\/a><\/p>\n<p>Den lilla rosa  rosen <\/p>\n<p><a href='http:\/\/www.eva.sundstrom.st\/wp-content\/upload\/dsc02790.jpg' title='dsc02790.jpg'><img src='http:\/\/www.eva.sundstrom.st\/wp-content\/upload\/dsc02790.jpg' alt='dsc02790.jpg' \/><\/a><\/p>\n<p>Och f\u00f6rsta blomman p\u00e5 busken jag k\u00f6pte i Skellefte\u00e5 i h\u00f6stas. Namnet har jag tappat f\u00e5r se om jag hittar det ingen.<\/p>\n<p><a href='http:\/\/www.eva.sundstrom.st\/wp-content\/upload\/dsc02784.jpg' title='dsc02784.jpg'><img src='http:\/\/www.eva.sundstrom.st\/wp-content\/upload\/dsc02784.jpg' alt='dsc02784.jpg' \/><\/a><\/p>\n<p>Blir man inte glad s\u00e5 s\u00e4g av den tappra lilla vita malvan, tror jag iallafall att det \u00e4r, som slagit rot i tr\u00e4dg\u00e5rdens utmark.<\/p>\n<p><a href='http:\/\/www.eva.sundstrom.st\/wp-content\/upload\/dsc02783.jpg' title='dsc02783.jpg'><img src='http:\/\/www.eva.sundstrom.st\/wp-content\/upload\/dsc02783.jpg' alt='dsc02783.jpg' \/><\/a><\/p>\n<p>Mig sk\u00e4nker den tr\u00f6st. <\/p>\n<p>En annan gl\u00e4dje stor k\u00e4nde jag vid dagens vattning i v\u00e4xthuset n\u00e4r jag hittade det h\u00e4r.<\/p>\n<p><a href='http:\/\/www.eva.sundstrom.st\/wp-content\/upload\/dsc02791.jpg' title='dsc02791.jpg'><img src='http:\/\/www.eva.sundstrom.st\/wp-content\/upload\/dsc02791.jpg' alt='dsc02791.jpg' \/><\/a><\/p>\n<p>F\u00f6rsta knoppen p\u00e5 m\u00e5nga \u00e5r.<\/p>\n<p><a href='http:\/\/www.eva.sundstrom.st\/wp-content\/upload\/dsc02796.jpg' title='dsc02796.jpg'><img src='http:\/\/www.eva.sundstrom.st\/wp-content\/upload\/dsc02796.jpg' alt='dsc02796.jpg' \/><\/a><\/p>\n<p>Kan man sedan runda av  med en kopp kaffe och f\u00e4rsk, lite kladdig chokladkaka och en stickning kan det inte vara mycke b\u00e4ttre.<br \/>\nNu blir det dessutom v\u00e4vstolen en stund till. Kanske jag kan f\u00e5 till nya kort d\u00e5 mattorna \u00e4r f\u00e4rdiga.<\/p>\n<p>Ha det bra.<\/p>\n","protected":false},"excerpt":{"rendered":"<p>En solig dag efter lite bl\u00f6ta dagar. Vattnet beh\u00f6vs verkligen men det blir ju s\u00e5 gr\u00e5kallt s\u00e5 fort det b\u00f6rjar regna. En bra sak med regndagar var att jag kom ig\u00e5ng med v\u00e4vstolen igen. Illustrationen till det lyckades jag fiffla bort. Andra gl\u00e4dje\u00e4mnen finns.Har haft ett antal potatisblommor under \u00e5rets lopp. Olika till storlek och [&hellip;]<\/p>\n","protected":false},"author":1,"featured_media":0,"comment_status":"open","ping_status":"open","sticky":false,"template":"","format":"standard","meta":{"footnotes":""},"categories":[1],"tags":[],"class_list":["post-738","post","type-post","status-publish","format-standard","hentry","category-uncategorized"],"_links":{"self":[{"href":"https:\/\/eva.sundstrom.st\/index.php?rest_route=\/wp\/v2\/posts\/738","targetHints":{"allow":["GET"]}}],"collection":[{"href":"https:\/\/eva.sundstrom.st\/index.php?rest_route=\/wp\/v2\/posts"}],"about":[{"href":"https:\/\/eva.sundstrom.st\/index.php?rest_route=\/wp\/v2\/types\/post"}],"author":[{"embeddable":true,"href":"https:\/\/eva.sundstrom.st\/index.php?rest_route=\/wp\/v2\/users\/1"}],"replies":[{"embeddable":true,"href":"https:\/\/eva.sundstrom.st\/index.php?rest_route=%2Fwp%2Fv2%2Fcomments&post=738"}],"version-history":[{"count":0,"href":"https:\/\/eva.sundstrom.st\/index.php?rest_route=\/wp\/v2\/posts\/738\/revisions"}],"wp:attachment":[{"href":"https:\/\/eva.sundstrom.st\/index.php?rest_route=%2Fwp%2Fv2%2Fmedia&parent=738"}],"wp:term":[{"taxonomy":"category","embeddable":true,"href":"https:\/\/eva.sundstrom.st\/index.php?rest_route=%2Fwp%2Fv2%2Fcategories&post=738"},{"taxonomy":"post_tag","embeddable":true,"href":"https:\/\/eva.sundstrom.st\/index.php?rest_route=%2Fwp%2Fv2%2Ftags&post=738"}],"curies":[{"name":"wp","href":"https:\/\/api.w.org\/{rel}","templated":true}]}}