{"id":747,"date":"2008-07-14T08:56:52","date_gmt":"2008-07-14T07:56:52","guid":{"rendered":"http:\/\/www.eva.sundstrom.st\/?p=747"},"modified":"2008-07-16T19:54:30","modified_gmt":"2008-07-16T18:54:30","slug":"en-helg-att-minnas","status":"publish","type":"post","link":"https:\/\/eva.sundstrom.st\/?p=747","title":{"rendered":"En helg att minnas"},"content":{"rendered":"<p>Varf\u00f6r?<\/p>\n<p>Minnas just d\u00e4rf\u00f6r att p\u00e5 fredagsf\u00f6rmiddagen klippte jag ner min mattv\u00e4v.<\/p>\n<p>P\u00e5 eftermiddagen fick vi Norrlandsbes\u00f6k<\/p>\n<p><a href='http:\/\/www.eva.sundstrom.st\/wp-content\/upload\/dsc02803.jpg' title='dsc02803.jpg'><img src='http:\/\/www.eva.sundstrom.st\/wp-content\/upload\/dsc02803.jpg' alt='dsc02803.jpg' \/><\/a><\/p>\n<p>Alltid lika roligt. Man tycker bara att tiden g\u00e5r alldeles f\u00f6r fort.<\/p>\n<p>Sv\u00e4gerskan och jag hade en h\u00f6gtidsstund n\u00e4r vi gick igenom alla mina mattrasor och fantiserade och komponerade.<\/p>\n<p>Inga dyra n\u00f6jen h\u00e4r inte.<\/p>\n<p>Lite senare p\u00e5 fredagkv\u00e4llen kom mellansonen A och hans hj\u00e4rtev\u00e4n M och s\u00e5 Sampa gubben f\u00f6rst\u00e5s.<\/p>\n<p><a href='http:\/\/www.eva.sundstrom.st\/wp-content\/upload\/dsc00367.jpg' title='dsc00367.jpg'><img src='http:\/\/www.eva.sundstrom.st\/wp-content\/upload\/dsc00367.tumnagel.jpg' alt='dsc00367.jpg' \/><\/a><\/p>\n<p>Det var ett tag sedan dom var hit s\u00e5 det k\u00e4nndes ocks\u00e5 j\u00e4ttebra.<\/p>\n<p>P\u00e5 l\u00f6rdags eftermiddagen hj\u00e4lpte M mig att knyta f\u00f6r mattorna.<br \/>\nTv\u00e5 ligger p\u00e5 plats och den tredje ska jag f\u00e5lla och det jobbet \u00e4r kvar.<\/p>\n<p>Matta 1<br \/>\n<a href='http:\/\/www.eva.sundstrom.st\/wp-content\/upload\/dsc02823.jpg' title='dsc02823.jpg'><img src='http:\/\/www.eva.sundstrom.st\/wp-content\/upload\/dsc02823.jpg' alt='dsc02823.jpg' \/><\/a><\/p>\n<p>2 och 3<br \/>\n<a href='http:\/\/www.eva.sundstrom.st\/wp-content\/upload\/dsc02820.jpg' title='dsc02820.jpg'><img src='http:\/\/www.eva.sundstrom.st\/wp-content\/upload\/dsc02820.jpg' alt='dsc02820.jpg' \/><\/a><\/p>\n<p>Det \u00e4r sv\u00e5rt att fota mattor men iallafall ett bevis p\u00e5 att dom \u00e4r klara.<\/p>\n<p>Under s\u00f6ndagen kom denna lilla krabat p\u00e5 bes\u00f6k.<\/p>\n<p><a href='http:\/\/www.eva.sundstrom.st\/wp-content\/upload\/dsc02810.jpg' title='dsc02810.jpg'><img src='http:\/\/www.eva.sundstrom.st\/wp-content\/upload\/dsc02810.jpg' alt='dsc02810.jpg' \/><\/a><\/p>\n<p>Kan inte minnas att jag n\u00e5gonsin sett en s\u00e5 stor snigelsn\u00e4cka tidigare.<\/p>\n<p><a href='http:\/\/www.eva.sundstrom.st\/wp-content\/upload\/dsc02811.jpg' title='dsc02811.jpg'><img src='http:\/\/www.eva.sundstrom.st\/wp-content\/upload\/dsc02811.jpg' alt='dsc02811.jpg' \/><\/a><\/p>\n<p>Tre kompisar virvlade runt min sn\u00f6stj\u00e4rna n\u00e4r jag kom ut till v\u00e4xthuset.<br \/>\nEn lyckades jag f\u00f6reviga innan dom f\u00f6rsvann.<\/p>\n<p>Liljan som jag inte har n\u00e5got namn p\u00e5 har slagit ut sin f\u00f6rsta blomma<\/p>\n<p><a href='http:\/\/www.eva.sundstrom.st\/wp-content\/upload\/dsc02814.jpg' title='dsc02814.jpg'><img src='http:\/\/www.eva.sundstrom.st\/wp-content\/upload\/dsc02814.jpg' alt='dsc02814.jpg' \/><\/a><\/p>\n<p>och s\u00e5 ett par bilder som togs bara f\u00f6r n\u00f6jets skull.<\/p>\n<p><a href='http:\/\/www.eva.sundstrom.st\/wp-content\/upload\/dsc02815.jpg' title='dsc02815.jpg'><img src='http:\/\/www.eva.sundstrom.st\/wp-content\/upload\/dsc02815.jpg' alt='dsc02815.jpg' \/><\/a><\/p>\n<p><a href='http:\/\/www.eva.sundstrom.st\/wp-content\/upload\/dsc02824.jpg' title='dsc02824.jpg'><img src='http:\/\/www.eva.sundstrom.st\/wp-content\/upload\/dsc02824.jpg' alt='dsc02824.jpg' \/><\/a><\/p>\n<p>Min sista semester vecka har b\u00f6rjat. Hur kan sex veckor g\u00e5 s\u00e5 fort?<\/p>\n<p>Ha det bra.<\/p>\n","protected":false},"excerpt":{"rendered":"<p>Varf\u00f6r? Minnas just d\u00e4rf\u00f6r att p\u00e5 fredagsf\u00f6rmiddagen klippte jag ner min mattv\u00e4v. P\u00e5 eftermiddagen fick vi Norrlandsbes\u00f6k Alltid lika roligt. Man tycker bara att tiden g\u00e5r alldeles f\u00f6r fort. Sv\u00e4gerskan och jag hade en h\u00f6gtidsstund n\u00e4r vi gick igenom alla mina mattrasor och fantiserade och komponerade. Inga dyra n\u00f6jen h\u00e4r inte. Lite senare p\u00e5 fredagkv\u00e4llen [&hellip;]<\/p>\n","protected":false},"author":1,"featured_media":0,"comment_status":"open","ping_status":"open","sticky":false,"template":"","format":"standard","meta":{"footnotes":""},"categories":[1],"tags":[],"class_list":["post-747","post","type-post","status-publish","format-standard","hentry","category-uncategorized"],"_links":{"self":[{"href":"https:\/\/eva.sundstrom.st\/index.php?rest_route=\/wp\/v2\/posts\/747","targetHints":{"allow":["GET"]}}],"collection":[{"href":"https:\/\/eva.sundstrom.st\/index.php?rest_route=\/wp\/v2\/posts"}],"about":[{"href":"https:\/\/eva.sundstrom.st\/index.php?rest_route=\/wp\/v2\/types\/post"}],"author":[{"embeddable":true,"href":"https:\/\/eva.sundstrom.st\/index.php?rest_route=\/wp\/v2\/users\/1"}],"replies":[{"embeddable":true,"href":"https:\/\/eva.sundstrom.st\/index.php?rest_route=%2Fwp%2Fv2%2Fcomments&post=747"}],"version-history":[{"count":0,"href":"https:\/\/eva.sundstrom.st\/index.php?rest_route=\/wp\/v2\/posts\/747\/revisions"}],"wp:attachment":[{"href":"https:\/\/eva.sundstrom.st\/index.php?rest_route=%2Fwp%2Fv2%2Fmedia&parent=747"}],"wp:term":[{"taxonomy":"category","embeddable":true,"href":"https:\/\/eva.sundstrom.st\/index.php?rest_route=%2Fwp%2Fv2%2Fcategories&post=747"},{"taxonomy":"post_tag","embeddable":true,"href":"https:\/\/eva.sundstrom.st\/index.php?rest_route=%2Fwp%2Fv2%2Ftags&post=747"}],"curies":[{"name":"wp","href":"https:\/\/api.w.org\/{rel}","templated":true}]}}