{"id":7484,"date":"2020-05-10T12:43:25","date_gmt":"2020-05-10T11:43:25","guid":{"rendered":"http:\/\/www.eva.sundstrom.st\/?p=7484"},"modified":"2020-05-10T12:43:42","modified_gmt":"2020-05-10T11:43:42","slug":"vantar-pa-sommaren","status":"publish","type":"post","link":"https:\/\/eva.sundstrom.st\/?p=7484","title":{"rendered":"V\u00e4ntar p\u00e5 sommaren!"},"content":{"rendered":"<p><a href=\"http:\/\/www.eva.sundstrom.st\/wp-content\/upload\/61071870920__8016D5D5-7078-4210-862E-ED9F43FB2E9B.jpg\"><img loading=\"lazy\" decoding=\"async\" src=\"http:\/\/www.eva.sundstrom.st\/wp-content\/upload\/61071870920__8016D5D5-7078-4210-862E-ED9F43FB2E9B.jpg\" alt=\"61071870920__8016D5D5-7078-4210-862E-ED9F43FB2E9B\" width=\"300\" height=\"400\" class=\"aligncenter size-full wp-image-7485\" srcset=\"https:\/\/eva.sundstrom.st\/wp-content\/upload\/61071870920__8016D5D5-7078-4210-862E-ED9F43FB2E9B.jpg 300w, https:\/\/eva.sundstrom.st\/wp-content\/upload\/61071870920__8016D5D5-7078-4210-862E-ED9F43FB2E9B-225x300.jpg 225w\" sizes=\"auto, (max-width: 300px) 100vw, 300px\" \/><\/a><\/p>\n<p>M\u00e5ste hitta bra krukor till Leanderklockan d\u00e5 den f\u00e5tt v\u00e4xa till sig lite mer.<\/p>\n<p><a href=\"http:\/\/www.eva.sundstrom.st\/wp-content\/upload\/61071878036__9789642B-864C-4C0B-A2C2-BE589B8567B4.jpg\"><img loading=\"lazy\" decoding=\"async\" src=\"http:\/\/www.eva.sundstrom.st\/wp-content\/upload\/61071878036__9789642B-864C-4C0B-A2C2-BE589B8567B4.jpg\" alt=\"61071878036__9789642B-864C-4C0B-A2C2-BE589B8567B4\" width=\"500\" height=\"375\" class=\"aligncenter size-full wp-image-7486\" srcset=\"https:\/\/eva.sundstrom.st\/wp-content\/upload\/61071878036__9789642B-864C-4C0B-A2C2-BE589B8567B4.jpg 500w, https:\/\/eva.sundstrom.st\/wp-content\/upload\/61071878036__9789642B-864C-4C0B-A2C2-BE589B8567B4-300x225.jpg 300w\" sizes=\"auto, (max-width: 500px) 100vw, 500px\" \/><\/a><\/p>\n<p>Tomaterna ska s\u00e4ttas om under veckan som kommer, hoppas p\u00e5 rik sk\u00f6rd.<\/p>\n<p><a href=\"http:\/\/www.eva.sundstrom.st\/wp-content\/upload\/IMG_4255.jpg\"><img loading=\"lazy\" decoding=\"async\" src=\"http:\/\/www.eva.sundstrom.st\/wp-content\/upload\/IMG_4255.jpg\" alt=\"IMG_4255\" width=\"300\" height=\"400\" class=\"aligncenter size-full wp-image-7487\" srcset=\"https:\/\/eva.sundstrom.st\/wp-content\/upload\/IMG_4255.jpg 300w, https:\/\/eva.sundstrom.st\/wp-content\/upload\/IMG_4255-225x300.jpg 225w\" sizes=\"auto, (max-width: 300px) 100vw, 300px\" \/><\/a><\/p>\n<p>Rosen ska fram till entr\u00e9n n\u00e4r frostrisken \u00e4r \u00f6ver s\u00e5 \u00e4ven pelargonia krukan och hortensiorna. Kryddkrukan ska f\u00e5 en egen plats. Letade efter purpurmejram ocks\u00e5 n\u00e4r vi var en snabb sv\u00e4ng in p\u00e5 Plantagen. Hittade inte det. Det var inte m\u00e5nga bilar p\u00e5 parkeringen n\u00e4r vi kom dit. G\u00e5r in och det k\u00e4nns bra d\u00e5 det \u00e4r v\u00e4ldigt glest med folk d\u00e4r inne. Kan g\u00e5 runt och kika lite. Pl\u00f6tsligt \u00e4r tydligen alla p\u00e5 v\u00e4g dit f\u00f6r det fyller p\u00e5 och jag f\u00e5r n\u00e4stan panik innan vi \u00e4r ute! Var ska denna sociala isolering sluta!  <\/p>\n","protected":false},"excerpt":{"rendered":"<p>M\u00e5ste hitta bra krukor till Leanderklockan d\u00e5 den f\u00e5tt v\u00e4xa till sig lite mer. Tomaterna ska s\u00e4ttas om under veckan som kommer, hoppas p\u00e5 rik sk\u00f6rd. Rosen ska fram till entr\u00e9n n\u00e4r frostrisken \u00e4r \u00f6ver s\u00e5 \u00e4ven pelargonia krukan och hortensiorna. Kryddkrukan ska f\u00e5 en egen plats. Letade efter purpurmejram ocks\u00e5 n\u00e4r vi var en [&hellip;]<\/p>\n","protected":false},"author":1,"featured_media":0,"comment_status":"open","ping_status":"open","sticky":false,"template":"","format":"standard","meta":{"footnotes":""},"categories":[12],"tags":[],"class_list":["post-7484","post","type-post","status-publish","format-standard","hentry","category-tradgard"],"_links":{"self":[{"href":"https:\/\/eva.sundstrom.st\/index.php?rest_route=\/wp\/v2\/posts\/7484","targetHints":{"allow":["GET"]}}],"collection":[{"href":"https:\/\/eva.sundstrom.st\/index.php?rest_route=\/wp\/v2\/posts"}],"about":[{"href":"https:\/\/eva.sundstrom.st\/index.php?rest_route=\/wp\/v2\/types\/post"}],"author":[{"embeddable":true,"href":"https:\/\/eva.sundstrom.st\/index.php?rest_route=\/wp\/v2\/users\/1"}],"replies":[{"embeddable":true,"href":"https:\/\/eva.sundstrom.st\/index.php?rest_route=%2Fwp%2Fv2%2Fcomments&post=7484"}],"version-history":[{"count":3,"href":"https:\/\/eva.sundstrom.st\/index.php?rest_route=\/wp\/v2\/posts\/7484\/revisions"}],"predecessor-version":[{"id":7490,"href":"https:\/\/eva.sundstrom.st\/index.php?rest_route=\/wp\/v2\/posts\/7484\/revisions\/7490"}],"wp:attachment":[{"href":"https:\/\/eva.sundstrom.st\/index.php?rest_route=%2Fwp%2Fv2%2Fmedia&parent=7484"}],"wp:term":[{"taxonomy":"category","embeddable":true,"href":"https:\/\/eva.sundstrom.st\/index.php?rest_route=%2Fwp%2Fv2%2Fcategories&post=7484"},{"taxonomy":"post_tag","embeddable":true,"href":"https:\/\/eva.sundstrom.st\/index.php?rest_route=%2Fwp%2Fv2%2Ftags&post=7484"}],"curies":[{"name":"wp","href":"https:\/\/api.w.org\/{rel}","templated":true}]}}