{"id":7492,"date":"2020-05-13T19:52:28","date_gmt":"2020-05-13T18:52:28","guid":{"rendered":"http:\/\/www.eva.sundstrom.st\/?p=7492"},"modified":"2020-05-13T19:52:28","modified_gmt":"2020-05-13T18:52:28","slug":"eftermiddag-200513","status":"publish","type":"post","link":"https:\/\/eva.sundstrom.st\/?p=7492","title":{"rendered":"Eftermiddag 200513"},"content":{"rendered":"<p>Satt d\u00e4r ute i min lilla bod och krokade p\u00e5 ett gammalt ufo under eftermiddagen! <\/p>\n<p><a href=\"http:\/\/www.eva.sundstrom.st\/wp-content\/upload\/IMG_4266.jpg\"><img loading=\"lazy\" decoding=\"async\" src=\"http:\/\/www.eva.sundstrom.st\/wp-content\/upload\/IMG_4266.jpg\" alt=\"IMG_4266\" width=\"500\" height=\"375\" class=\"aligncenter size-full wp-image-7493\" srcset=\"https:\/\/eva.sundstrom.st\/wp-content\/upload\/IMG_4266.jpg 500w, https:\/\/eva.sundstrom.st\/wp-content\/upload\/IMG_4266-300x225.jpg 300w\" sizes=\"auto, (max-width: 500px) 100vw, 500px\" \/><\/a><\/p>\n<p>k\u00e4nde saknad att vi inte skulle kunna tr\u00e4ffas f\u00f6r hantverkskv\u00e4ll i kv\u00e4ll heller! <\/p>\n<p>Saknar verkligen v\u00e5ra tr\u00e4ffar d\u00e4r det alltid \u00e4r mycket prat och inte minst skratt! Det goa skrattet som s\u00e5 v\u00e4l beh\u00f6vs.<\/p>\n<p>Utanf\u00f6r f\u00f6nstret skiner \u00e4nd\u00e5 solen och det ser fint och gott ut!<br \/>\nSanningen \u00e4r att det bl\u00e5ser iskalla vindar!<\/p>\n<p><a href=\"http:\/\/www.eva.sundstrom.st\/wp-content\/upload\/IMG_4267.jpg\"><img loading=\"lazy\" decoding=\"async\" src=\"http:\/\/www.eva.sundstrom.st\/wp-content\/upload\/IMG_4267.jpg\" alt=\"IMG_4267\" width=\"500\" height=\"375\" class=\"aligncenter size-full wp-image-7494\" srcset=\"https:\/\/eva.sundstrom.st\/wp-content\/upload\/IMG_4267.jpg 500w, https:\/\/eva.sundstrom.st\/wp-content\/upload\/IMG_4267-300x225.jpg 300w\" sizes=\"auto, (max-width: 500px) 100vw, 500px\" \/><\/a><\/p>\n<p>Ha det gott go v\u00e4nner och jag hoppas ni f\u00e5r vara friska!<\/p>\n","protected":false},"excerpt":{"rendered":"<p>Satt d\u00e4r ute i min lilla bod och krokade p\u00e5 ett gammalt ufo under eftermiddagen! k\u00e4nde saknad att vi inte skulle kunna tr\u00e4ffas f\u00f6r hantverkskv\u00e4ll i kv\u00e4ll heller! Saknar verkligen v\u00e5ra tr\u00e4ffar d\u00e4r det alltid \u00e4r mycket prat och inte minst skratt! Det goa skrattet som s\u00e5 v\u00e4l beh\u00f6vs. Utanf\u00f6r f\u00f6nstret skiner \u00e4nd\u00e5 solen och [&hellip;]<\/p>\n","protected":false},"author":1,"featured_media":0,"comment_status":"open","ping_status":"open","sticky":false,"template":"","format":"standard","meta":{"footnotes":""},"categories":[13],"tags":[],"class_list":["post-7492","post","type-post","status-publish","format-standard","hentry","category-hantverk"],"_links":{"self":[{"href":"https:\/\/eva.sundstrom.st\/index.php?rest_route=\/wp\/v2\/posts\/7492","targetHints":{"allow":["GET"]}}],"collection":[{"href":"https:\/\/eva.sundstrom.st\/index.php?rest_route=\/wp\/v2\/posts"}],"about":[{"href":"https:\/\/eva.sundstrom.st\/index.php?rest_route=\/wp\/v2\/types\/post"}],"author":[{"embeddable":true,"href":"https:\/\/eva.sundstrom.st\/index.php?rest_route=\/wp\/v2\/users\/1"}],"replies":[{"embeddable":true,"href":"https:\/\/eva.sundstrom.st\/index.php?rest_route=%2Fwp%2Fv2%2Fcomments&post=7492"}],"version-history":[{"count":2,"href":"https:\/\/eva.sundstrom.st\/index.php?rest_route=\/wp\/v2\/posts\/7492\/revisions"}],"predecessor-version":[{"id":7496,"href":"https:\/\/eva.sundstrom.st\/index.php?rest_route=\/wp\/v2\/posts\/7492\/revisions\/7496"}],"wp:attachment":[{"href":"https:\/\/eva.sundstrom.st\/index.php?rest_route=%2Fwp%2Fv2%2Fmedia&parent=7492"}],"wp:term":[{"taxonomy":"category","embeddable":true,"href":"https:\/\/eva.sundstrom.st\/index.php?rest_route=%2Fwp%2Fv2%2Fcategories&post=7492"},{"taxonomy":"post_tag","embeddable":true,"href":"https:\/\/eva.sundstrom.st\/index.php?rest_route=%2Fwp%2Fv2%2Ftags&post=7492"}],"curies":[{"name":"wp","href":"https:\/\/api.w.org\/{rel}","templated":true}]}}