{"id":7530,"date":"2020-06-05T16:11:47","date_gmt":"2020-06-05T15:11:47","guid":{"rendered":"http:\/\/www.eva.sundstrom.st\/?p=7530"},"modified":"2020-06-05T16:11:47","modified_gmt":"2020-06-05T15:11:47","slug":"lite-av-varje","status":"publish","type":"post","link":"https:\/\/eva.sundstrom.st\/?p=7530","title":{"rendered":"Lite av varje!"},"content":{"rendered":"<p>\u00c4nnu ett krokat ufo \u00e4r klart!<\/p>\n<p><a href=\"http:\/\/www.eva.sundstrom.st\/wp-content\/upload\/IMG_4319-1.jpg\"><img loading=\"lazy\" decoding=\"async\" src=\"http:\/\/www.eva.sundstrom.st\/wp-content\/upload\/IMG_4319-1.jpg\" alt=\"IMG_4319 (1)\" width=\"500\" height=\"375\" class=\"aligncenter size-full wp-image-7531\" srcset=\"https:\/\/eva.sundstrom.st\/wp-content\/upload\/IMG_4319-1.jpg 500w, https:\/\/eva.sundstrom.st\/wp-content\/upload\/IMG_4319-1-300x225.jpg 300w\" sizes=\"auto, (max-width: 500px) 100vw, 500px\" \/><\/a><\/p>\n<p>K\u00e4nns s\u00e5 bra f\u00f6r var sak som kan l\u00e4ggas \u00e5t sidan!<\/p>\n<p>Utsikt fr\u00e5n uterummet under soliga kv\u00e4llar<\/p>\n<p><a href=\"http:\/\/www.eva.sundstrom.st\/wp-content\/upload\/IMG_4370.jpg\"><img loading=\"lazy\" decoding=\"async\" src=\"http:\/\/www.eva.sundstrom.st\/wp-content\/upload\/IMG_4370.jpg\" alt=\"IMG_4370\" width=\"480\" height=\"375\" class=\"aligncenter size-full wp-image-7532\" srcset=\"https:\/\/eva.sundstrom.st\/wp-content\/upload\/IMG_4370.jpg 480w, https:\/\/eva.sundstrom.st\/wp-content\/upload\/IMG_4370-300x234.jpg 300w\" sizes=\"auto, (max-width: 480px) 100vw, 480px\" \/><\/a><\/p>\n<p>Nya blommor sl\u00e5r ut <\/p>\n<p><a href=\"http:\/\/www.eva.sundstrom.st\/wp-content\/upload\/IMG_4390.jpg\"><img loading=\"lazy\" decoding=\"async\" src=\"http:\/\/www.eva.sundstrom.st\/wp-content\/upload\/IMG_4390.jpg\" alt=\"IMG_4390\" width=\"500\" height=\"375\" class=\"aligncenter size-full wp-image-7533\" srcset=\"https:\/\/eva.sundstrom.st\/wp-content\/upload\/IMG_4390.jpg 500w, https:\/\/eva.sundstrom.st\/wp-content\/upload\/IMG_4390-300x225.jpg 300w\" sizes=\"auto, (max-width: 500px) 100vw, 500px\" \/><\/a><\/p>\n<p>En tidig v\u00e4ldigt l\u00e5g aster<\/p>\n<p>och f\u00f6rsta irisblomman<\/p>\n<p><a href=\"http:\/\/www.eva.sundstrom.st\/wp-content\/upload\/IMG_4397.jpg\"><img loading=\"lazy\" decoding=\"async\" src=\"http:\/\/www.eva.sundstrom.st\/wp-content\/upload\/IMG_4397.jpg\" alt=\"IMG_4397\" width=\"300\" height=\"400\" class=\"aligncenter size-full wp-image-7534\" srcset=\"https:\/\/eva.sundstrom.st\/wp-content\/upload\/IMG_4397.jpg 300w, https:\/\/eva.sundstrom.st\/wp-content\/upload\/IMG_4397-225x300.jpg 225w\" sizes=\"auto, (max-width: 300px) 100vw, 300px\" \/><\/a><\/p>\n<p>Spann en liten h\u00e4rva d\u00e4r jag blandade ljust gr\u00e5 och vit ull!<br \/>\nF\u00e4rgade med bj\u00f6rkl\u00f6vsavkok.<\/p>\n<p>N\u00e4r det var klart tyckte jag det s\u00e5g ut att var mycket f\u00e4rg kvar i badet s\u00e5 jag tippade i lite mer alun och en h\u00e4rva, fr\u00e5n g\u00f6mmorna, med bara vit ull!<\/p>\n<p><a href=\"http:\/\/www.eva.sundstrom.st\/wp-content\/upload\/IMG_4405.jpg\"><img loading=\"lazy\" decoding=\"async\" src=\"http:\/\/www.eva.sundstrom.st\/wp-content\/upload\/IMG_4405.jpg\" alt=\"IMG_4405\" width=\"470\" height=\"376\" class=\"aligncenter size-full wp-image-7535\" srcset=\"https:\/\/eva.sundstrom.st\/wp-content\/upload\/IMG_4405.jpg 470w, https:\/\/eva.sundstrom.st\/wp-content\/upload\/IMG_4405-300x240.jpg 300w\" sizes=\"auto, (max-width: 470px) 100vw, 470px\" \/><\/a><\/p>\n<p>Den med bara vit ull blev klarare\/ ljusare i f\u00e4rgen och den med blandad lite m\u00f6rkare, lite mot gr\u00f6nt i mina \u00f6gon. N\u00f6jd blev jag med b\u00e5da!<\/p>\n<p>I eftermiddag har det kommit n\u00e5gra regnst\u00e4nk h\u00e4r! En droppe i havet efter alla varma soliga dagar men man f\u00e5r vara glad f\u00f6r det lilla!<\/p>\n","protected":false},"excerpt":{"rendered":"<p>\u00c4nnu ett krokat ufo \u00e4r klart! K\u00e4nns s\u00e5 bra f\u00f6r var sak som kan l\u00e4ggas \u00e5t sidan! Utsikt fr\u00e5n uterummet under soliga kv\u00e4llar Nya blommor sl\u00e5r ut En tidig v\u00e4ldigt l\u00e5g aster och f\u00f6rsta irisblomman Spann en liten h\u00e4rva d\u00e4r jag blandade ljust gr\u00e5 och vit ull! F\u00e4rgade med bj\u00f6rkl\u00f6vsavkok. N\u00e4r det var klart tyckte [&hellip;]<\/p>\n","protected":false},"author":1,"featured_media":0,"comment_status":"open","ping_status":"open","sticky":false,"template":"","format":"standard","meta":{"footnotes":""},"categories":[13,9,12],"tags":[],"class_list":["post-7530","post","type-post","status-publish","format-standard","hentry","category-hantverk","category-livet","category-tradgard"],"_links":{"self":[{"href":"https:\/\/eva.sundstrom.st\/index.php?rest_route=\/wp\/v2\/posts\/7530","targetHints":{"allow":["GET"]}}],"collection":[{"href":"https:\/\/eva.sundstrom.st\/index.php?rest_route=\/wp\/v2\/posts"}],"about":[{"href":"https:\/\/eva.sundstrom.st\/index.php?rest_route=\/wp\/v2\/types\/post"}],"author":[{"embeddable":true,"href":"https:\/\/eva.sundstrom.st\/index.php?rest_route=\/wp\/v2\/users\/1"}],"replies":[{"embeddable":true,"href":"https:\/\/eva.sundstrom.st\/index.php?rest_route=%2Fwp%2Fv2%2Fcomments&post=7530"}],"version-history":[{"count":4,"href":"https:\/\/eva.sundstrom.st\/index.php?rest_route=\/wp\/v2\/posts\/7530\/revisions"}],"predecessor-version":[{"id":7539,"href":"https:\/\/eva.sundstrom.st\/index.php?rest_route=\/wp\/v2\/posts\/7530\/revisions\/7539"}],"wp:attachment":[{"href":"https:\/\/eva.sundstrom.st\/index.php?rest_route=%2Fwp%2Fv2%2Fmedia&parent=7530"}],"wp:term":[{"taxonomy":"category","embeddable":true,"href":"https:\/\/eva.sundstrom.st\/index.php?rest_route=%2Fwp%2Fv2%2Fcategories&post=7530"},{"taxonomy":"post_tag","embeddable":true,"href":"https:\/\/eva.sundstrom.st\/index.php?rest_route=%2Fwp%2Fv2%2Ftags&post=7530"}],"curies":[{"name":"wp","href":"https:\/\/api.w.org\/{rel}","templated":true}]}}