{"id":757,"date":"2008-07-19T17:54:31","date_gmt":"2008-07-19T16:54:31","guid":{"rendered":"http:\/\/www.eva.sundstrom.st\/?p=757"},"modified":"2008-07-19T17:54:31","modified_gmt":"2008-07-19T16:54:31","slug":"tredje-mattan","status":"publish","type":"post","link":"https:\/\/eva.sundstrom.st\/?p=757","title":{"rendered":"Tredje mattan"},"content":{"rendered":"<p>\u00e4r  f\u00e5llad, klar och p\u00e5 plats.<\/p>\n<p><a href='http:\/\/www.eva.sundstrom.st\/wp-content\/upload\/dsc02844.jpg' title='dsc02844.jpg'><img src='http:\/\/www.eva.sundstrom.st\/wp-content\/upload\/dsc02844.jpg' alt='dsc02844.jpg' \/><\/a><\/p>\n<p>K\u00e4nns j\u00e4ttebra att \u00e4ntligen ha nya mattor p\u00e5 altanen.<\/p>\n<p>I dag har jag varit p\u00e5 utflykt med min kompis G. <\/p>\n<p>En utflykt som jag l\u00e4nge velat g\u00f6ra men det har aldrig passat f\u00f6rr\u00e4n i dag.<\/p>\n<p> <a href=\"http:\/\/yvonne-handarbete.blogspot.com\">Vera&#8217;s vr\u00e5 <\/a>                                                                     hade \u00f6ppet hus i dag.<\/p>\n<p>Det kan k\u00e4nnas sv\u00e5rt att best\u00e4mma sig  n\u00e4r det finns s\u00e5 mycke fint.<br \/>\nVarje skapelse har en s\u00e5n utpr\u00e4glad personlighet.<\/p>\n<p>\u00c4nd\u00e5 k\u00e4nde jag ganska snart vad som ville f\u00f6lja med mig hem och jag har en best\u00e4md k\u00e4nnsla av att det var s\u00e5 \u00e4ven f\u00f6r G<\/p>\n<p>Hade inte med kameran dit utan tog kort p\u00e5 v\u00e5ra ink\u00f6p n\u00e4r vi kom hem.<\/p>\n<p><a href='http:\/\/www.eva.sundstrom.st\/wp-content\/upload\/dsc02833.jpg' title='dsc02833.jpg'><img src='http:\/\/www.eva.sundstrom.st\/wp-content\/upload\/dsc02833.jpg' alt='dsc02833.jpg' \/><\/a><\/p>\n<p>G k\u00f6pte v\u00e4ttetavlan och blommorna <\/p>\n<p><a href='http:\/\/www.eva.sundstrom.st\/wp-content\/upload\/dsc02835.jpg' title='dsc02835.jpg'><img src='http:\/\/www.eva.sundstrom.st\/wp-content\/upload\/dsc02835.jpg' alt='dsc02835.jpg' \/><\/a><\/p>\n<p>Alla ser ut att ha ett budskap.<br \/>\nSom <a href=\"http:\/\/\tasas.tradgardsblogg.se\">\u00c5sa<\/a> har sagt s\u00e5 m\u00e5nga g\u00e5nger. Bara betraktarens \u00f6gon och fantasi s\u00e4tter gr\u00e4nser.<\/p>\n<p>S\u00e5 kan ju alla r\u00e4kna ut att jag fastnade f\u00f6r v\u00e4ttarna <\/p>\n<p><a href='http:\/\/www.eva.sundstrom.st\/wp-content\/upload\/dsc02840.jpg' title='dsc02840.jpg'><img src='http:\/\/www.eva.sundstrom.st\/wp-content\/upload\/dsc02840.jpg' alt='dsc02840.jpg' \/><\/a><\/p>\n<p>Dom viskade &#8221;ta mig, ta mig,&#8221; vid f\u00f6rsta \u00f6gonkastet och s\u00e5 fick det bli. <\/p>\n<p>Det fanns mycket, mycket mer som var fint och jag kan varmt rekomedera ett bes\u00f6k.<br \/>\nDels f\u00f6r alla hennes fina saker och f\u00f6r att Yvonne \u00e4r en trevlig person som p\u00e5 detta frikostiga s\u00e4tt uppl\u00e5ter sitt hem f\u00f6r bes\u00f6kare.<br \/>\nDessutom bj\u00f6d hon p\u00e5 gott fika.<\/p>\n<p>Tack Yvonne f\u00f6r en fin l\u00f6rdagseftermiddag.<br \/>\nDen sista p\u00e5 min semester. <\/p>\n<p>P\u00e5 m\u00e5ndag \u00e4r det jobb som g\u00e4ller. Hur iallsindar ska det g\u00e5?<\/p>\n<p>Ha det gott go v\u00e4nner.<\/p>\n","protected":false},"excerpt":{"rendered":"<p>\u00e4r f\u00e5llad, klar och p\u00e5 plats. K\u00e4nns j\u00e4ttebra att \u00e4ntligen ha nya mattor p\u00e5 altanen. I dag har jag varit p\u00e5 utflykt med min kompis G. En utflykt som jag l\u00e4nge velat g\u00f6ra men det har aldrig passat f\u00f6rr\u00e4n i dag. Vera&#8217;s vr\u00e5 hade \u00f6ppet hus i dag. Det kan k\u00e4nnas sv\u00e5rt att best\u00e4mma sig [&hellip;]<\/p>\n","protected":false},"author":1,"featured_media":0,"comment_status":"open","ping_status":"open","sticky":false,"template":"","format":"standard","meta":{"footnotes":""},"categories":[1],"tags":[],"class_list":["post-757","post","type-post","status-publish","format-standard","hentry","category-uncategorized"],"_links":{"self":[{"href":"https:\/\/eva.sundstrom.st\/index.php?rest_route=\/wp\/v2\/posts\/757","targetHints":{"allow":["GET"]}}],"collection":[{"href":"https:\/\/eva.sundstrom.st\/index.php?rest_route=\/wp\/v2\/posts"}],"about":[{"href":"https:\/\/eva.sundstrom.st\/index.php?rest_route=\/wp\/v2\/types\/post"}],"author":[{"embeddable":true,"href":"https:\/\/eva.sundstrom.st\/index.php?rest_route=\/wp\/v2\/users\/1"}],"replies":[{"embeddable":true,"href":"https:\/\/eva.sundstrom.st\/index.php?rest_route=%2Fwp%2Fv2%2Fcomments&post=757"}],"version-history":[{"count":0,"href":"https:\/\/eva.sundstrom.st\/index.php?rest_route=\/wp\/v2\/posts\/757\/revisions"}],"wp:attachment":[{"href":"https:\/\/eva.sundstrom.st\/index.php?rest_route=%2Fwp%2Fv2%2Fmedia&parent=757"}],"wp:term":[{"taxonomy":"category","embeddable":true,"href":"https:\/\/eva.sundstrom.st\/index.php?rest_route=%2Fwp%2Fv2%2Fcategories&post=757"},{"taxonomy":"post_tag","embeddable":true,"href":"https:\/\/eva.sundstrom.st\/index.php?rest_route=%2Fwp%2Fv2%2Ftags&post=757"}],"curies":[{"name":"wp","href":"https:\/\/api.w.org\/{rel}","templated":true}]}}