{"id":7571,"date":"2020-06-14T20:02:01","date_gmt":"2020-06-14T19:02:01","guid":{"rendered":"http:\/\/www.eva.sundstrom.st\/?p=7571"},"modified":"2020-06-14T20:02:01","modified_gmt":"2020-06-14T19:02:01","slug":"lite-blommor-och-vatten","status":"publish","type":"post","link":"https:\/\/eva.sundstrom.st\/?p=7571","title":{"rendered":"Lite blommor och vatten!"},"content":{"rendered":"<p>Gr\u00e4sl\u00f6ken har varit med f\u00f6rut  men jag tycker den \u00e4r vacker!<\/p>\n<p><a href=\"http:\/\/www.eva.sundstrom.st\/wp-content\/upload\/IMG_4461.jpg\"><img loading=\"lazy\" decoding=\"async\" src=\"http:\/\/www.eva.sundstrom.st\/wp-content\/upload\/IMG_4461.jpg\" alt=\"IMG_4461\" width=\"600\" height=\"406\" class=\"aligncenter size-full wp-image-7573\" srcset=\"https:\/\/eva.sundstrom.st\/wp-content\/upload\/IMG_4461.jpg 600w, https:\/\/eva.sundstrom.st\/wp-content\/upload\/IMG_4461-300x203.jpg 300w\" sizes=\"auto, (max-width: 600px) 100vw, 600px\" \/><\/a><\/p>\n<p>Derra undrar jag om det \u00e4r en iris eller r\u00e4knas till liljor? Det \u00e4r jag inte s\u00e4ker p\u00e5!<\/p>\n<p><a href=\"http:\/\/www.eva.sundstrom.st\/wp-content\/upload\/IMG_4464.jpg\"><img loading=\"lazy\" decoding=\"async\" src=\"http:\/\/www.eva.sundstrom.st\/wp-content\/upload\/IMG_4464.jpg\" alt=\"IMG_4464\" width=\"320\" height=\"407\" class=\"aligncenter size-full wp-image-7574\" srcset=\"https:\/\/eva.sundstrom.st\/wp-content\/upload\/IMG_4464.jpg 320w, https:\/\/eva.sundstrom.st\/wp-content\/upload\/IMG_4464-235x300.jpg 235w\" sizes=\"auto, (max-width: 320px) 100vw, 320px\" \/><\/a><\/p>\n<p>S\u00e5 blev det en snabb strandpromenad i kv\u00e4ll!<\/p>\n<p><a href=\"http:\/\/www.eva.sundstrom.st\/wp-content\/upload\/IMG_4467.jpg\"><img loading=\"lazy\" decoding=\"async\" src=\"http:\/\/www.eva.sundstrom.st\/wp-content\/upload\/IMG_4467.jpg\" alt=\"IMG_4467\" width=\"430\" height=\"402\" class=\"aligncenter size-full wp-image-7575\" srcset=\"https:\/\/eva.sundstrom.st\/wp-content\/upload\/IMG_4467.jpg 430w, https:\/\/eva.sundstrom.st\/wp-content\/upload\/IMG_4467-300x280.jpg 300w\" sizes=\"auto, (max-width: 430px) 100vw, 430px\" \/><\/a><\/p>\n<p>Passade p\u00e5 att ta \u00e5rets f\u00f6rsta fotbad!<\/p>\n<p><a href=\"http:\/\/www.eva.sundstrom.st\/wp-content\/upload\/IMG_4469.jpg\"><img loading=\"lazy\" decoding=\"async\" src=\"http:\/\/www.eva.sundstrom.st\/wp-content\/upload\/IMG_4469.jpg\" alt=\"IMG_4469\" width=\"525\" height=\"394\" class=\"aligncenter size-full wp-image-7576\" srcset=\"https:\/\/eva.sundstrom.st\/wp-content\/upload\/IMG_4469.jpg 525w, https:\/\/eva.sundstrom.st\/wp-content\/upload\/IMG_4469-300x225.jpg 300w\" sizes=\"auto, (max-width: 525px) 100vw, 525px\" \/><\/a><\/p>\n<p>Sedan blev det bara vatten!<\/p>\n<p><a href=\"http:\/\/www.eva.sundstrom.st\/wp-content\/upload\/IMG_4470.jpg\"><img loading=\"lazy\" decoding=\"async\" src=\"http:\/\/www.eva.sundstrom.st\/wp-content\/upload\/IMG_4470.jpg\" alt=\"IMG_4470\" width=\"535\" height=\"401\" class=\"aligncenter size-full wp-image-7577\" srcset=\"https:\/\/eva.sundstrom.st\/wp-content\/upload\/IMG_4470.jpg 535w, https:\/\/eva.sundstrom.st\/wp-content\/upload\/IMG_4470-300x224.jpg 300w\" sizes=\"auto, (max-width: 535px) 100vw, 535px\" \/><\/a><\/p>\n<p><a href=\"http:\/\/www.eva.sundstrom.st\/wp-content\/upload\/IMG_4493.jpg\"><img loading=\"lazy\" decoding=\"async\" src=\"http:\/\/www.eva.sundstrom.st\/wp-content\/upload\/IMG_4493.jpg\" alt=\"IMG_4493\" width=\"535\" height=\"401\" class=\"aligncenter size-full wp-image-7578\" srcset=\"https:\/\/eva.sundstrom.st\/wp-content\/upload\/IMG_4493.jpg 535w, https:\/\/eva.sundstrom.st\/wp-content\/upload\/IMG_4493-300x224.jpg 300w\" sizes=\"auto, (max-width: 535px) 100vw, 535px\" \/><\/a><\/p>\n<p>Har varit riktig h\u00f6gsommarv\u00e4rme i dag!<br \/>\nEn lugn och stillsam s\u00f6ndag med l\u00e5nga sk\u00f6na l\u00e4s stunder!<\/p>\n","protected":false},"excerpt":{"rendered":"<p>Gr\u00e4sl\u00f6ken har varit med f\u00f6rut men jag tycker den \u00e4r vacker! Derra undrar jag om det \u00e4r en iris eller r\u00e4knas till liljor? Det \u00e4r jag inte s\u00e4ker p\u00e5! S\u00e5 blev det en snabb strandpromenad i kv\u00e4ll! Passade p\u00e5 att ta \u00e5rets f\u00f6rsta fotbad! Sedan blev det bara vatten! Har varit riktig h\u00f6gsommarv\u00e4rme i dag! [&hellip;]<\/p>\n","protected":false},"author":1,"featured_media":0,"comment_status":"open","ping_status":"open","sticky":false,"template":"","format":"standard","meta":{"footnotes":""},"categories":[16,10],"tags":[],"class_list":["post-7571","post","type-post","status-publish","format-standard","hentry","category-natur","category-vader"],"_links":{"self":[{"href":"https:\/\/eva.sundstrom.st\/index.php?rest_route=\/wp\/v2\/posts\/7571","targetHints":{"allow":["GET"]}}],"collection":[{"href":"https:\/\/eva.sundstrom.st\/index.php?rest_route=\/wp\/v2\/posts"}],"about":[{"href":"https:\/\/eva.sundstrom.st\/index.php?rest_route=\/wp\/v2\/types\/post"}],"author":[{"embeddable":true,"href":"https:\/\/eva.sundstrom.st\/index.php?rest_route=\/wp\/v2\/users\/1"}],"replies":[{"embeddable":true,"href":"https:\/\/eva.sundstrom.st\/index.php?rest_route=%2Fwp%2Fv2%2Fcomments&post=7571"}],"version-history":[{"count":4,"href":"https:\/\/eva.sundstrom.st\/index.php?rest_route=\/wp\/v2\/posts\/7571\/revisions"}],"predecessor-version":[{"id":7582,"href":"https:\/\/eva.sundstrom.st\/index.php?rest_route=\/wp\/v2\/posts\/7571\/revisions\/7582"}],"wp:attachment":[{"href":"https:\/\/eva.sundstrom.st\/index.php?rest_route=%2Fwp%2Fv2%2Fmedia&parent=7571"}],"wp:term":[{"taxonomy":"category","embeddable":true,"href":"https:\/\/eva.sundstrom.st\/index.php?rest_route=%2Fwp%2Fv2%2Fcategories&post=7571"},{"taxonomy":"post_tag","embeddable":true,"href":"https:\/\/eva.sundstrom.st\/index.php?rest_route=%2Fwp%2Fv2%2Ftags&post=7571"}],"curies":[{"name":"wp","href":"https:\/\/api.w.org\/{rel}","templated":true}]}}