{"id":768,"date":"2008-08-10T17:07:17","date_gmt":"2008-08-10T16:07:17","guid":{"rendered":"http:\/\/www.eva.sundstrom.st\/?p=768"},"modified":"2008-08-11T20:19:12","modified_gmt":"2008-08-11T19:19:12","slug":"ett-litet-livstecken","status":"publish","type":"post","link":"https:\/\/eva.sundstrom.st\/?p=768","title":{"rendered":"Ett litet livstecken"},"content":{"rendered":"<p>Ser att en hel  vecka har g\u00e5tt sedan jag skrev n\u00e5got sist.<br \/>\nH\u00e4r \u00e4r stilje p\u00e5 handarbetsfronten.<\/p>\n<p>Har en augustisocka klar och har b\u00f6rjat p\u00e5 den andra.<\/p>\n<p>Inga bilder d\u00e4rifr\u00e5n men v\u00e4l fr\u00e5n tr\u00e4dg\u00e5rden, som jag g\u00e4rna delar med mig av.<\/p>\n<p>Fr\u00e5n den lilla &#8221;nya&#8221; rabatten kommer<\/p>\n<p><a href='http:\/\/www.eva.sundstrom.st\/wp-content\/upload\/dsc03172.jpg' title='dsc03172.jpg'><img src='http:\/\/www.eva.sundstrom.st\/wp-content\/upload\/dsc03172.jpg' alt='dsc03172.jpg' \/><\/a><\/p>\n<p>&#8217;<\/p>\n<p>*<\/p>\n<p>Mattveronikan som kommer igen.<\/p>\n<p><a href='http:\/\/www.eva.sundstrom.st\/wp-content\/upload\/dsc03175.jpg' title='dsc03175.jpg'><img src='http:\/\/www.eva.sundstrom.st\/wp-content\/upload\/dsc03175.jpg' alt='dsc03175.jpg' \/><\/a><\/p>\n<p>*<\/p>\n<p>Kransveonikan har p\u00e5 grund av sin l\u00e4ngd blivit tr\u00f6tt i ryggen och vilar sig mot stenen.<\/p>\n<p><a href='http:\/\/www.eva.sundstrom.st\/wp-content\/upload\/dsc03176.jpg' title='dsc03176.jpg'><img src='http:\/\/www.eva.sundstrom.st\/wp-content\/upload\/dsc03176.jpg' alt='dsc03176.jpg' \/><\/a><\/p>\n<p>*<\/p>\n<p>Fr\u00e5n dahliarabbaten <\/p>\n<p><a href='http:\/\/www.eva.sundstrom.st\/wp-content\/upload\/dsc03157.jpg' title='dsc03157.jpg'><img src='http:\/\/www.eva.sundstrom.st\/wp-content\/upload\/dsc03157.jpg' alt='dsc03157.jpg' \/><\/a><\/p>\n<p>*<\/p>\n<p><a href='http:\/\/www.eva.sundstrom.st\/wp-content\/upload\/dsc03159.jpg' title='dsc03159.jpg'><img src='http:\/\/www.eva.sundstrom.st\/wp-content\/upload\/dsc03159.jpg' alt='dsc03159.jpg' \/><\/a><\/p>\n<p>*<\/p>\n<p><a href='http:\/\/www.eva.sundstrom.st\/wp-content\/upload\/dsc03180.jpg' title='dsc03180.jpg'><img src='http:\/\/www.eva.sundstrom.st\/wp-content\/upload\/dsc03180.jpg' alt='dsc03180.jpg' \/><\/a><\/p>\n<p>*<\/p>\n<p>En liten gul g\u00e4st som planterat sig invid en trybuske. Vet inte varifr\u00e5n den kommer eller vad det \u00e4r f\u00f6r art. Eftersom den verkar f\u00f6r\u00e4ldral\u00f6s, och blommar s\u00e5 vackert,  f\u00e5r den givetvis v\u00e4xa d\u00e4r.<\/p>\n<p><a href='http:\/\/www.eva.sundstrom.st\/wp-content\/upload\/dsc03160.jpg' title='dsc03160.jpg'><img src='http:\/\/www.eva.sundstrom.st\/wp-content\/upload\/dsc03160.jpg' alt='dsc03160.jpg' \/><\/a><\/p>\n<p>*<\/p>\n<p>I v\u00e4xthuset har Afrikas bl\u00e5 lilja slagit ut<\/p>\n<p><a href='http:\/\/www.eva.sundstrom.st\/wp-content\/upload\/dsc03164.jpg' title='dsc03164.jpg'><img src='http:\/\/www.eva.sundstrom.st\/wp-content\/upload\/dsc03164.jpg' alt='dsc03164.jpg' \/><\/a><\/p>\n<p>*<\/p>\n<p>Har en kruka tomater. Brukar inte ha n\u00e5gon tur med tomater men i \u00e5r mognar dom och \u00e4r j\u00e4ttegoda.<\/p>\n<p>&#8217;<br \/>\n<a href='http:\/\/www.eva.sundstrom.st\/wp-content\/upload\/dsc03185.jpg' title='dsc03185.jpg'><img src='http:\/\/www.eva.sundstrom.st\/wp-content\/upload\/dsc03185.jpg' alt='dsc03185.jpg' \/><\/a><\/p>\n<p>Den  oranga liljan<\/p>\n<p><a href='http:\/\/www.eva.sundstrom.st\/wp-content\/upload\/dsc02814.jpg' title='dsc02814.jpg'><img src='http:\/\/www.eva.sundstrom.st\/wp-content\/upload\/dsc02814.jpg' alt='dsc02814.jpg' \/><\/a><\/p>\n<p>har blommat \u00f6ver men<br \/>\nn\u00e5gra fr\u00f6kapslar ligger kvar  i bladvecken. En fin dekoration i sig<br \/>\n&#8217;<br \/>\n<a href='http:\/\/www.eva.sundstrom.st\/wp-content\/upload\/dsc03187.jpg' title='dsc03187.jpg'><img src='http:\/\/www.eva.sundstrom.st\/wp-content\/upload\/dsc03187.jpg' alt='dsc03187.jpg' \/><\/a><\/p>\n<p>&#8217;<br \/>\nEn liten drakmynta v\u00e4xer utanf\u00f6r v\u00e4xthuset <\/p>\n<p><a href='http:\/\/www.eva.sundstrom.st\/wp-content\/upload\/dsc03166.jpg' title='dsc03166.jpg'><img src='http:\/\/www.eva.sundstrom.st\/wp-content\/upload\/dsc03166.jpg' alt='dsc03166.jpg' \/><\/a><\/p>\n<p>Och h\u00e4r har vi en till bes\u00f6kare.<br \/>\nHan vill nog v\u00e4ldigt g\u00e4rna komma ut.<\/p>\n<p>&#8217;<br \/>\n<a href='http:\/\/www.eva.sundstrom.st\/wp-content\/upload\/dsc03153.jpg' title='dsc03153.jpg'><img src='http:\/\/www.eva.sundstrom.st\/wp-content\/upload\/dsc03153.jpg' alt='dsc03153.jpg' \/><\/a><\/p>\n","protected":false},"excerpt":{"rendered":"<p>Ser att en hel vecka har g\u00e5tt sedan jag skrev n\u00e5got sist. H\u00e4r \u00e4r stilje p\u00e5 handarbetsfronten. Har en augustisocka klar och har b\u00f6rjat p\u00e5 den andra. Inga bilder d\u00e4rifr\u00e5n men v\u00e4l fr\u00e5n tr\u00e4dg\u00e5rden, som jag g\u00e4rna delar med mig av. Fr\u00e5n den lilla &#8221;nya&#8221; rabatten kommer &#8217; * Mattveronikan som kommer igen. * Kransveonikan [&hellip;]<\/p>\n","protected":false},"author":1,"featured_media":0,"comment_status":"open","ping_status":"open","sticky":false,"template":"","format":"standard","meta":{"footnotes":""},"categories":[1],"tags":[],"class_list":["post-768","post","type-post","status-publish","format-standard","hentry","category-uncategorized"],"_links":{"self":[{"href":"https:\/\/eva.sundstrom.st\/index.php?rest_route=\/wp\/v2\/posts\/768","targetHints":{"allow":["GET"]}}],"collection":[{"href":"https:\/\/eva.sundstrom.st\/index.php?rest_route=\/wp\/v2\/posts"}],"about":[{"href":"https:\/\/eva.sundstrom.st\/index.php?rest_route=\/wp\/v2\/types\/post"}],"author":[{"embeddable":true,"href":"https:\/\/eva.sundstrom.st\/index.php?rest_route=\/wp\/v2\/users\/1"}],"replies":[{"embeddable":true,"href":"https:\/\/eva.sundstrom.st\/index.php?rest_route=%2Fwp%2Fv2%2Fcomments&post=768"}],"version-history":[{"count":0,"href":"https:\/\/eva.sundstrom.st\/index.php?rest_route=\/wp\/v2\/posts\/768\/revisions"}],"wp:attachment":[{"href":"https:\/\/eva.sundstrom.st\/index.php?rest_route=%2Fwp%2Fv2%2Fmedia&parent=768"}],"wp:term":[{"taxonomy":"category","embeddable":true,"href":"https:\/\/eva.sundstrom.st\/index.php?rest_route=%2Fwp%2Fv2%2Fcategories&post=768"},{"taxonomy":"post_tag","embeddable":true,"href":"https:\/\/eva.sundstrom.st\/index.php?rest_route=%2Fwp%2Fv2%2Ftags&post=768"}],"curies":[{"name":"wp","href":"https:\/\/api.w.org\/{rel}","templated":true}]}}