{"id":7729,"date":"2020-07-30T07:50:37","date_gmt":"2020-07-30T06:50:37","guid":{"rendered":"http:\/\/www.eva.sundstrom.st\/?p=7729"},"modified":"2020-07-30T18:26:05","modified_gmt":"2020-07-30T17:26:05","slug":"onsdag-i-gar","status":"publish","type":"post","link":"https:\/\/eva.sundstrom.st\/?p=7729","title":{"rendered":"Onsdag, i g\u00e5r"},"content":{"rendered":"<p>Det blir inte alltid som man t\u00e4nkt sig,<\/p>\n<p><a href=\"http:\/\/www.eva.sundstrom.st\/wp-content\/upload\/IMG_5010.jpg\"><img loading=\"lazy\" decoding=\"async\" src=\"http:\/\/www.eva.sundstrom.st\/wp-content\/upload\/IMG_5010.jpg\" alt=\"IMG_5010\" width=\"550\" height=\"413\" class=\"aligncenter size-full wp-image-7730\" srcset=\"https:\/\/eva.sundstrom.st\/wp-content\/upload\/IMG_5010.jpg 550w, https:\/\/eva.sundstrom.st\/wp-content\/upload\/IMG_5010-300x225.jpg 300w\" sizes=\"auto, (max-width: 550px) 100vw, 550px\" \/><\/a><\/p>\n<p>d\u00e5 f\u00e5r man t\u00e4nka om. Det blir v\u00e4l garn av detta ocks\u00e5!<\/p>\n<p>Br\u00f6dbaket gick efter planen i allafall och \u00e4r avsmakat och godk\u00e4nnt!<\/p>\n<p><a href=\"http:\/\/www.eva.sundstrom.st\/wp-content\/upload\/IMG_5012.jpg\"><img loading=\"lazy\" decoding=\"async\" src=\"http:\/\/www.eva.sundstrom.st\/wp-content\/upload\/IMG_5012.jpg\" alt=\"IMG_5012\" width=\"604\" height=\"413\" class=\"aligncenter size-full wp-image-7731\" srcset=\"https:\/\/eva.sundstrom.st\/wp-content\/upload\/IMG_5012.jpg 604w, https:\/\/eva.sundstrom.st\/wp-content\/upload\/IMG_5012-300x205.jpg 300w\" sizes=\"auto, (max-width: 604px) 100vw, 604px\" \/><\/a><\/p>\n<p>Regnade en hel del p\u00e5 eftermiddagen och kv\u00e4llen.<\/p>\n<p>Torsdag i dag!<br \/>\nS\u00e5 h\u00e4r l\u00e5ngt har frukost intagits.<br \/>\nS\u00e4ngen har f\u00e5tt rena kl\u00e4der och en tv\u00e4ttmaskin \u00e4r startad.<br \/>\nNu \u00e4r det bara att v\u00e4nta och se vad  dagen kommer att bjuda p\u00e5!<br \/>\nHoppas p\u00e5 lite mer uppeh\u00e5ll i dag!<\/p>\n<p>Ja, i dag har det varit en mestadels ganska solig dag. Bl\u00e5ser g\u00f6r det ju f\u00f6r j\u00e4mnan och vinden \u00e4r inte alla g\u00e5nger s\u00e5 varm.<\/p>\n<p>Har tvinnat o tv\u00e4ttat lite sch\u00e4fer-garn!<\/p>\n<p><a href=\"http:\/\/www.eva.sundstrom.st\/wp-content\/upload\/IMG_5019.jpg\"><img loading=\"lazy\" decoding=\"async\" src=\"http:\/\/www.eva.sundstrom.st\/wp-content\/upload\/IMG_5019.jpg\" alt=\"IMG_5019\" width=\"482\" height=\"413\" class=\"aligncenter size-full wp-image-7737\" srcset=\"https:\/\/eva.sundstrom.st\/wp-content\/upload\/IMG_5019.jpg 482w, https:\/\/eva.sundstrom.st\/wp-content\/upload\/IMG_5019-300x257.jpg 300w\" sizes=\"auto, (max-width: 482px) 100vw, 482px\" \/><\/a><\/p>\n<p>Inte helt l\u00e4tt d\u00e5 den var v\u00e4ldigt kort, mjuk och flygig. Fick blanda in lite f\u00e5rull f\u00f6r att f\u00e5 det att h\u00e5lla ihop.<\/p>\n<p>Har kammat den gulgr\u00f6na ullen och spunnit h\u00e4lften. Kan nog, som sagt, bli bra fast f\u00e4rgningen inte blev som jag t\u00e4nkt mig.<\/p>\n<p><a href=\"http:\/\/www.eva.sundstrom.st\/wp-content\/upload\/IMG_5017.jpg\"><img loading=\"lazy\" decoding=\"async\" src=\"http:\/\/www.eva.sundstrom.st\/wp-content\/upload\/IMG_5017.jpg\" alt=\"IMG_5017\" width=\"412\" height=\"413\" class=\"aligncenter size-full wp-image-7736\" srcset=\"https:\/\/eva.sundstrom.st\/wp-content\/upload\/IMG_5017.jpg 412w, https:\/\/eva.sundstrom.st\/wp-content\/upload\/IMG_5017-150x150.jpg 150w, https:\/\/eva.sundstrom.st\/wp-content\/upload\/IMG_5017-300x300.jpg 300w\" sizes=\"auto, (max-width: 412px) 100vw, 412px\" \/><\/a><\/p>\n<p>Bergkn\u00e4an \u00e4r vacker i \u00e5r och likas\u00e5 praktklockan. Sv\u00e5rt att g\u00f6ra dom r\u00e4ttvisa p\u00e5 bild!<\/p>\n<p><a href=\"http:\/\/www.eva.sundstrom.st\/wp-content\/upload\/IMG_5013.jpg\"><img loading=\"lazy\" decoding=\"async\" src=\"http:\/\/www.eva.sundstrom.st\/wp-content\/upload\/IMG_5013.jpg\" alt=\"IMG_5013\" width=\"288\" height=\"413\" class=\"aligncenter size-full wp-image-7735\" srcset=\"https:\/\/eva.sundstrom.st\/wp-content\/upload\/IMG_5013.jpg 288w, https:\/\/eva.sundstrom.st\/wp-content\/upload\/IMG_5013-209x300.jpg 209w\" sizes=\"auto, (max-width: 288px) 100vw, 288px\" \/><\/a><\/p>\n","protected":false},"excerpt":{"rendered":"<p>Det blir inte alltid som man t\u00e4nkt sig, d\u00e5 f\u00e5r man t\u00e4nka om. Det blir v\u00e4l garn av detta ocks\u00e5! Br\u00f6dbaket gick efter planen i allafall och \u00e4r avsmakat och godk\u00e4nnt! Regnade en hel del p\u00e5 eftermiddagen och kv\u00e4llen. Torsdag i dag! S\u00e5 h\u00e4r l\u00e5ngt har frukost intagits. S\u00e4ngen har f\u00e5tt rena kl\u00e4der och en [&hellip;]<\/p>\n","protected":false},"author":1,"featured_media":0,"comment_status":"open","ping_status":"open","sticky":false,"template":"","format":"standard","meta":{"footnotes":""},"categories":[4,13,9,10],"tags":[],"class_list":["post-7729","post","type-post","status-publish","format-standard","hentry","category-allmant","category-hantverk","category-livet","category-vader"],"_links":{"self":[{"href":"https:\/\/eva.sundstrom.st\/index.php?rest_route=\/wp\/v2\/posts\/7729","targetHints":{"allow":["GET"]}}],"collection":[{"href":"https:\/\/eva.sundstrom.st\/index.php?rest_route=\/wp\/v2\/posts"}],"about":[{"href":"https:\/\/eva.sundstrom.st\/index.php?rest_route=\/wp\/v2\/types\/post"}],"author":[{"embeddable":true,"href":"https:\/\/eva.sundstrom.st\/index.php?rest_route=\/wp\/v2\/users\/1"}],"replies":[{"embeddable":true,"href":"https:\/\/eva.sundstrom.st\/index.php?rest_route=%2Fwp%2Fv2%2Fcomments&post=7729"}],"version-history":[{"count":5,"href":"https:\/\/eva.sundstrom.st\/index.php?rest_route=\/wp\/v2\/posts\/7729\/revisions"}],"predecessor-version":[{"id":7739,"href":"https:\/\/eva.sundstrom.st\/index.php?rest_route=\/wp\/v2\/posts\/7729\/revisions\/7739"}],"wp:attachment":[{"href":"https:\/\/eva.sundstrom.st\/index.php?rest_route=%2Fwp%2Fv2%2Fmedia&parent=7729"}],"wp:term":[{"taxonomy":"category","embeddable":true,"href":"https:\/\/eva.sundstrom.st\/index.php?rest_route=%2Fwp%2Fv2%2Fcategories&post=7729"},{"taxonomy":"post_tag","embeddable":true,"href":"https:\/\/eva.sundstrom.st\/index.php?rest_route=%2Fwp%2Fv2%2Ftags&post=7729"}],"curies":[{"name":"wp","href":"https:\/\/api.w.org\/{rel}","templated":true}]}}