{"id":7749,"date":"2020-08-05T08:37:36","date_gmt":"2020-08-05T07:37:36","guid":{"rendered":"http:\/\/www.eva.sundstrom.st\/?p=7749"},"modified":"2020-08-05T08:37:36","modified_gmt":"2020-08-05T07:37:36","slug":"sa-blev-det","status":"publish","type":"post","link":"https:\/\/eva.sundstrom.st\/?p=7749","title":{"rendered":"S\u00e5 blev det!"},"content":{"rendered":"<p>Vassvipporna som jag skrev om i ett tidigare inl\u00e4gg, &#8221;L\u00f6rdag, s\u00f6ndag, och m\u00e5ndag&#8221; var det som gav detta resultat! <\/p>\n<p><a href=\"http:\/\/www.eva.sundstrom.st\/wp-content\/upload\/IMG_5073.jpg\"><img loading=\"lazy\" decoding=\"async\" src=\"http:\/\/www.eva.sundstrom.st\/wp-content\/upload\/IMG_5073.jpg\" alt=\"IMG_5073\" width=\"385\" height=\"413\" class=\"aligncenter size-full wp-image-7750\" srcset=\"https:\/\/eva.sundstrom.st\/wp-content\/upload\/IMG_5073.jpg 385w, https:\/\/eva.sundstrom.st\/wp-content\/upload\/IMG_5073-279x300.jpg 279w\" sizes=\"auto, (max-width: 385px) 100vw, 385px\" \/><\/a><\/p>\n<p>F\u00f6rsta badet till v\u00e4nster och andra till h\u00f6ger!<br \/>\nFr\u00e5ga bara inte vad det ska bli f\u00f6r det har jag ingen aning om!<\/p>\n<p>En solhatt fr\u00e5n grannens tr\u00e4dg\u00e5rd f\u00e5r bli dagens blomma!<\/p>\n<p><a href=\"http:\/\/www.eva.sundstrom.st\/wp-content\/upload\/IMG_5060.jpg\"><img loading=\"lazy\" decoding=\"async\" src=\"http:\/\/www.eva.sundstrom.st\/wp-content\/upload\/IMG_5060.jpg\" alt=\"IMG_5060\" width=\"417\" height=\"413\" class=\"aligncenter size-full wp-image-7754\" srcset=\"https:\/\/eva.sundstrom.st\/wp-content\/upload\/IMG_5060.jpg 417w, https:\/\/eva.sundstrom.st\/wp-content\/upload\/IMG_5060-150x150.jpg 150w, https:\/\/eva.sundstrom.st\/wp-content\/upload\/IMG_5060-300x297.jpg 300w\" sizes=\"auto, (max-width: 417px) 100vw, 417px\" \/><\/a><\/p>\n","protected":false},"excerpt":{"rendered":"<p>Vassvipporna som jag skrev om i ett tidigare inl\u00e4gg, &#8221;L\u00f6rdag, s\u00f6ndag, och m\u00e5ndag&#8221; var det som gav detta resultat! F\u00f6rsta badet till v\u00e4nster och andra till h\u00f6ger! Fr\u00e5ga bara inte vad det ska bli f\u00f6r det har jag ingen aning om! En solhatt fr\u00e5n grannens tr\u00e4dg\u00e5rd f\u00e5r bli dagens blomma!<\/p>\n","protected":false},"author":1,"featured_media":0,"comment_status":"open","ping_status":"open","sticky":false,"template":"","format":"standard","meta":{"footnotes":""},"categories":[1],"tags":[],"class_list":["post-7749","post","type-post","status-publish","format-standard","hentry","category-uncategorized"],"_links":{"self":[{"href":"https:\/\/eva.sundstrom.st\/index.php?rest_route=\/wp\/v2\/posts\/7749","targetHints":{"allow":["GET"]}}],"collection":[{"href":"https:\/\/eva.sundstrom.st\/index.php?rest_route=\/wp\/v2\/posts"}],"about":[{"href":"https:\/\/eva.sundstrom.st\/index.php?rest_route=\/wp\/v2\/types\/post"}],"author":[{"embeddable":true,"href":"https:\/\/eva.sundstrom.st\/index.php?rest_route=\/wp\/v2\/users\/1"}],"replies":[{"embeddable":true,"href":"https:\/\/eva.sundstrom.st\/index.php?rest_route=%2Fwp%2Fv2%2Fcomments&post=7749"}],"version-history":[{"count":4,"href":"https:\/\/eva.sundstrom.st\/index.php?rest_route=\/wp\/v2\/posts\/7749\/revisions"}],"predecessor-version":[{"id":7755,"href":"https:\/\/eva.sundstrom.st\/index.php?rest_route=\/wp\/v2\/posts\/7749\/revisions\/7755"}],"wp:attachment":[{"href":"https:\/\/eva.sundstrom.st\/index.php?rest_route=%2Fwp%2Fv2%2Fmedia&parent=7749"}],"wp:term":[{"taxonomy":"category","embeddable":true,"href":"https:\/\/eva.sundstrom.st\/index.php?rest_route=%2Fwp%2Fv2%2Fcategories&post=7749"},{"taxonomy":"post_tag","embeddable":true,"href":"https:\/\/eva.sundstrom.st\/index.php?rest_route=%2Fwp%2Fv2%2Ftags&post=7749"}],"curies":[{"name":"wp","href":"https:\/\/api.w.org\/{rel}","templated":true}]}}