{"id":7774,"date":"2020-08-24T17:18:02","date_gmt":"2020-08-24T16:18:02","guid":{"rendered":"http:\/\/www.eva.sundstrom.st\/?p=7774"},"modified":"2020-08-24T17:18:02","modified_gmt":"2020-08-24T16:18:02","slug":"last-tradgard-och-stickat","status":"publish","type":"post","link":"https:\/\/eva.sundstrom.st\/?p=7774","title":{"rendered":"L\u00e4st, tr\u00e4dg\u00e5rd och stickat!"},"content":{"rendered":"<p>Direkt f\u00f6rra boken var slut b\u00f6rjade jag p\u00e5 en ny!<br \/>\nDen var sv\u00e5r att l\u00e4gga bort s\u00e5 den tog fort slut den ocks\u00e5.<\/p>\n<p><a href=\"http:\/\/www.eva.sundstrom.st\/wp-content\/upload\/IMG_5280.jpg\"><img loading=\"lazy\" decoding=\"async\" src=\"http:\/\/www.eva.sundstrom.st\/wp-content\/upload\/IMG_5280.jpg\" alt=\"IMG_5280\" width=\"302\" height=\"412\" class=\"aligncenter size-full wp-image-7776\" srcset=\"https:\/\/eva.sundstrom.st\/wp-content\/upload\/IMG_5280.jpg 302w, https:\/\/eva.sundstrom.st\/wp-content\/upload\/IMG_5280-219x300.jpg 219w\" sizes=\"auto, (max-width: 302px) 100vw, 302px\" \/><\/a><\/p>\n<p><strong>* * * * *<\/strong><\/p>\n<p>Kl\u00e4mde in ett br\u00f6dbak en f\u00f6rmiddag n\u00e4r baklusten tog \u00f6ver.<\/p>\n<p><a href=\"http:\/\/www.eva.sundstrom.st\/wp-content\/upload\/IMG_5289.jpg\"><img loading=\"lazy\" decoding=\"async\" src=\"http:\/\/www.eva.sundstrom.st\/wp-content\/upload\/IMG_5289.jpg\" alt=\"IMG_5289\" width=\"715\" height=\"413\" class=\"aligncenter size-full wp-image-7778\" srcset=\"https:\/\/eva.sundstrom.st\/wp-content\/upload\/IMG_5289.jpg 715w, https:\/\/eva.sundstrom.st\/wp-content\/upload\/IMG_5289-300x173.jpg 300w\" sizes=\"auto, (max-width: 715px) 100vw, 715px\" \/><\/a><\/p>\n<p>Badat i solnedg\u00e5ngen har jag gjort! \u00d6vertr\u00e4ffade mig sj\u00e4lv, men det var gott i vattnet!<\/p>\n<p><a href=\"http:\/\/www.eva.sundstrom.st\/wp-content\/upload\/IMG_5287.jpg\"><img loading=\"lazy\" decoding=\"async\" src=\"http:\/\/www.eva.sundstrom.st\/wp-content\/upload\/IMG_5287.jpg\" alt=\"IMG_5287\" width=\"550\" height=\"413\" class=\"aligncenter size-full wp-image-7777\" srcset=\"https:\/\/eva.sundstrom.st\/wp-content\/upload\/IMG_5287.jpg 550w, https:\/\/eva.sundstrom.st\/wp-content\/upload\/IMG_5287-300x225.jpg 300w\" sizes=\"auto, (max-width: 550px) 100vw, 550px\" \/><\/a><\/p>\n<p>I tr\u00e4dg\u00e5rden har Finnsliden rodnat<\/p>\n<p><a href=\"http:\/\/www.eva.sundstrom.st\/wp-content\/upload\/IMG_5306.jpg\"><img loading=\"lazy\" decoding=\"async\" src=\"http:\/\/www.eva.sundstrom.st\/wp-content\/upload\/IMG_5306.jpg\" alt=\"IMG_5306\" width=\"565\" height=\"413\" class=\"aligncenter size-full wp-image-7779\" srcset=\"https:\/\/eva.sundstrom.st\/wp-content\/upload\/IMG_5306.jpg 565w, https:\/\/eva.sundstrom.st\/wp-content\/upload\/IMG_5306-300x219.jpg 300w\" sizes=\"auto, (max-width: 565px) 100vw, 565px\" \/><\/a><\/p>\n<p>Leanderklockorna \u00e4r fulla med fr\u00f6kapslar<\/p>\n<p><a href=\"http:\/\/www.eva.sundstrom.st\/wp-content\/upload\/IMG_5310.jpg\"><img loading=\"lazy\" decoding=\"async\" src=\"http:\/\/www.eva.sundstrom.st\/wp-content\/upload\/IMG_5310.jpg\" alt=\"IMG_5310\" width=\"614\" height=\"413\" class=\"aligncenter size-full wp-image-7781\" srcset=\"https:\/\/eva.sundstrom.st\/wp-content\/upload\/IMG_5310.jpg 614w, https:\/\/eva.sundstrom.st\/wp-content\/upload\/IMG_5310-300x201.jpg 300w\" sizes=\"auto, (max-width: 614px) 100vw, 614px\" \/><\/a><\/p>\n<p>Gladiolusen b\u00f6rjar blomma<\/p>\n<p><a href=\"http:\/\/www.eva.sundstrom.st\/wp-content\/upload\/IMG_5308.jpg\"><img loading=\"lazy\" decoding=\"async\" src=\"http:\/\/www.eva.sundstrom.st\/wp-content\/upload\/IMG_5308.jpg\" alt=\"IMG_5308\" width=\"418\" height=\"413\" class=\"aligncenter size-full wp-image-7780\" srcset=\"https:\/\/eva.sundstrom.st\/wp-content\/upload\/IMG_5308.jpg 418w, https:\/\/eva.sundstrom.st\/wp-content\/upload\/IMG_5308-300x296.jpg 300w\" sizes=\"auto, (max-width: 418px) 100vw, 418px\" \/><\/a><\/p>\n<p><a href=\"http:\/\/www.eva.sundstrom.st\/wp-content\/upload\/IMG_5321.jpg\"><img loading=\"lazy\" decoding=\"async\" src=\"http:\/\/www.eva.sundstrom.st\/wp-content\/upload\/IMG_5321.jpg\" alt=\"IMG_5321\" width=\"383\" height=\"413\" class=\"aligncenter size-full wp-image-7782\" srcset=\"https:\/\/eva.sundstrom.st\/wp-content\/upload\/IMG_5321.jpg 383w, https:\/\/eva.sundstrom.st\/wp-content\/upload\/IMG_5321-278x300.jpg 278w\" sizes=\"auto, (max-width: 383px) 100vw, 383px\" \/><\/a><\/p>\n<p><a href=\"http:\/\/www.eva.sundstrom.st\/wp-content\/upload\/IMG_5327.jpg\"><img loading=\"lazy\" decoding=\"async\" src=\"http:\/\/www.eva.sundstrom.st\/wp-content\/upload\/IMG_5327.jpg\" alt=\"IMG_5327\" width=\"542\" height=\"413\" class=\"aligncenter size-full wp-image-7783\" srcset=\"https:\/\/eva.sundstrom.st\/wp-content\/upload\/IMG_5327.jpg 542w, https:\/\/eva.sundstrom.st\/wp-content\/upload\/IMG_5327-300x228.jpg 300w\" sizes=\"auto, (max-width: 542px) 100vw, 542px\" \/><\/a><\/p>\n<p>N\u00e4r jag inte g\u00e5tt runt och vattnat eller bara njutit av blommorna eller l\u00e4st s\u00e5 har jag grundat och m\u00e5lat en massa br\u00e4dor! Denna syssla torde \u00e5terkomma n\u00e5gra g\u00e5nger till. <\/p>\n<p>I g\u00e5r kv\u00e4ll blev det en bild fr\u00e5n Skagern igen <\/p>\n<p><a href=\"http:\/\/www.eva.sundstrom.st\/wp-content\/upload\/IMG_5338.jpg\"><img loading=\"lazy\" decoding=\"async\" src=\"http:\/\/www.eva.sundstrom.st\/wp-content\/upload\/IMG_5338.jpg\" alt=\"IMG_5338\" width=\"615\" height=\"413\" class=\"aligncenter size-full wp-image-7784\" srcset=\"https:\/\/eva.sundstrom.st\/wp-content\/upload\/IMG_5338.jpg 615w, https:\/\/eva.sundstrom.st\/wp-content\/upload\/IMG_5338-300x201.jpg 300w\" sizes=\"auto, (max-width: 615px) 100vw, 615px\" \/><\/a><\/p>\n<p>Ibland blir det \u00e4nd\u00e5 tid f\u00f6r stickning!<br \/>\nDetta \u00e4r nu ett projekt som p\u00e5g\u00e5tt under v\u00e4ldigt l\u00e5ng tid.<br \/>\nDet b\u00f6rjade med att spinna garn!<br \/>\nK\u00e4ra Ingrid, som fick l\u00e4mna oss alldeles f\u00f6r tidigt, f\u00e4rgade garn med oss.<br \/>\nRoligt att f\u00e4rga egenspunnet garn, testade gullris, vassvippor och bj\u00f6rkl\u00f6v bl.a.<br \/>\nSedan l\u00e4rde hon mig att sticka dominorutor.<br \/>\nDet b\u00f6rjade med en ruta!<\/p>\n<p><a href=\"http:\/\/www.eva.sundstrom.st\/wp-content\/upload\/IMG_5347.jpg\"><img loading=\"lazy\" decoding=\"async\" src=\"http:\/\/www.eva.sundstrom.st\/wp-content\/upload\/IMG_5347.jpg\" alt=\"IMG_5347\" width=\"357\" height=\"413\" class=\"aligncenter size-full wp-image-7785\" srcset=\"https:\/\/eva.sundstrom.st\/wp-content\/upload\/IMG_5347.jpg 357w, https:\/\/eva.sundstrom.st\/wp-content\/upload\/IMG_5347-259x300.jpg 259w\" sizes=\"auto, (max-width: 357px) 100vw, 357px\" \/><\/a><\/p>\n<p>M\u00e5let var en trekantig sjal, sedan uppgraderades m\u00e5let till en poncho.<br \/>\nSedan kr\u00f6p alltihop in i sitt ide. D\u00e4r har den legat, s\u00e4kert tv\u00e5 \u00e5r.<\/p>\n<p>I v\u00e5ras b\u00f6rjade jag fundera. Denna poncho kommer jag aldrig att anv\u00e4nda i nuvarande skick!<br \/>\nB\u00f6rjar sticka nya rutor, syr ihop och stickar mer rutor och muddar och krage!<\/p>\n<p>Inte vacker kanske men unik.<\/p>\n<p>Och v\u00e4rma sk\u00f6nt kommer den att g\u00f6ra om jag fryser!<\/p>\n<p><a href=\"http:\/\/www.eva.sundstrom.st\/wp-content\/upload\/IMG_5353.jpg\"><img loading=\"lazy\" decoding=\"async\" src=\"http:\/\/www.eva.sundstrom.st\/wp-content\/upload\/IMG_5353.jpg\" alt=\"IMG_5353\" width=\"549\" height=\"413\" class=\"aligncenter size-full wp-image-7786\" srcset=\"https:\/\/eva.sundstrom.st\/wp-content\/upload\/IMG_5353.jpg 549w, https:\/\/eva.sundstrom.st\/wp-content\/upload\/IMG_5353-300x225.jpg 300w\" sizes=\"auto, (max-width: 549px) 100vw, 549px\" \/><\/a><\/p>\n<p>Allt garn har jag spunnit och f\u00e4rgat sj\u00e4lv. En del \u00e4r ju natuligt vitt och naturligt gr\u00e5tt.<\/p>\n<p><a href=\"http:\/\/www.eva.sundstrom.st\/wp-content\/upload\/IMG_5354.jpg\"><img loading=\"lazy\" decoding=\"async\" src=\"http:\/\/www.eva.sundstrom.st\/wp-content\/upload\/IMG_5354.jpg\" alt=\"IMG_5354\" width=\"670\" height=\"413\" class=\"aligncenter size-full wp-image-7787\" srcset=\"https:\/\/eva.sundstrom.st\/wp-content\/upload\/IMG_5354.jpg 670w, https:\/\/eva.sundstrom.st\/wp-content\/upload\/IMG_5354-300x184.jpg 300w\" sizes=\"auto, (max-width: 670px) 100vw, 670px\" \/><\/a><\/p>\n<p>K\u00e4nns bra att det till slut blev n\u00e5got jag faktiskt kan ha nytta av.<\/p>\n","protected":false},"excerpt":{"rendered":"<p>Direkt f\u00f6rra boken var slut b\u00f6rjade jag p\u00e5 en ny! Den var sv\u00e5r att l\u00e4gga bort s\u00e5 den tog fort slut den ocks\u00e5. * * * * * Kl\u00e4mde in ett br\u00f6dbak en f\u00f6rmiddag n\u00e4r baklusten tog \u00f6ver. Badat i solnedg\u00e5ngen har jag gjort! \u00d6vertr\u00e4ffade mig sj\u00e4lv, men det var gott i vattnet! I tr\u00e4dg\u00e5rden [&hellip;]<\/p>\n","protected":false},"author":1,"featured_media":0,"comment_status":"open","ping_status":"open","sticky":false,"template":"","format":"standard","meta":{"footnotes":""},"categories":[3,13,16,12],"tags":[],"class_list":["post-7774","post","type-post","status-publish","format-standard","hentry","category-bocker","category-hantverk","category-natur","category-tradgard"],"_links":{"self":[{"href":"https:\/\/eva.sundstrom.st\/index.php?rest_route=\/wp\/v2\/posts\/7774","targetHints":{"allow":["GET"]}}],"collection":[{"href":"https:\/\/eva.sundstrom.st\/index.php?rest_route=\/wp\/v2\/posts"}],"about":[{"href":"https:\/\/eva.sundstrom.st\/index.php?rest_route=\/wp\/v2\/types\/post"}],"author":[{"embeddable":true,"href":"https:\/\/eva.sundstrom.st\/index.php?rest_route=\/wp\/v2\/users\/1"}],"replies":[{"embeddable":true,"href":"https:\/\/eva.sundstrom.st\/index.php?rest_route=%2Fwp%2Fv2%2Fcomments&post=7774"}],"version-history":[{"count":6,"href":"https:\/\/eva.sundstrom.st\/index.php?rest_route=\/wp\/v2\/posts\/7774\/revisions"}],"predecessor-version":[{"id":7792,"href":"https:\/\/eva.sundstrom.st\/index.php?rest_route=\/wp\/v2\/posts\/7774\/revisions\/7792"}],"wp:attachment":[{"href":"https:\/\/eva.sundstrom.st\/index.php?rest_route=%2Fwp%2Fv2%2Fmedia&parent=7774"}],"wp:term":[{"taxonomy":"category","embeddable":true,"href":"https:\/\/eva.sundstrom.st\/index.php?rest_route=%2Fwp%2Fv2%2Fcategories&post=7774"},{"taxonomy":"post_tag","embeddable":true,"href":"https:\/\/eva.sundstrom.st\/index.php?rest_route=%2Fwp%2Fv2%2Ftags&post=7774"}],"curies":[{"name":"wp","href":"https:\/\/api.w.org\/{rel}","templated":true}]}}