{"id":78,"date":"2007-06-27T19:12:28","date_gmt":"2007-06-27T18:12:28","guid":{"rendered":"http:\/\/www.eva.sundstrom.st\/?p=78"},"modified":"2007-06-27T19:12:28","modified_gmt":"2007-06-27T18:12:28","slug":"envisa-regnskurar","status":"publish","type":"post","link":"https:\/\/eva.sundstrom.st\/?p=78","title":{"rendered":"Envisa regnskurar."},"content":{"rendered":"<p>Under dagens runda, mellan regnskurarna, konstaterade jag f\u00f6ljande.<br \/>\nRiddarsporrarna \u00e4r klart p\u00e5 G men har inte kommit lika l\u00e5ngt som hos en del andra.<\/p>\n<p><a href='http:\/\/www.eva.sundstrom.st\/wp-content\/upload\/dsc00333.jpg' title='dsc00333.jpg'><img src='http:\/\/www.eva.sundstrom.st\/wp-content\/upload\/dsc00333.tumnagel.jpg' alt='dsc00333.jpg' \/><\/a><\/p>\n<p>Det \u00e4r andra \u00e5ret den h\u00e4r blommar i min tr\u00e4dg\u00e5rd. Den f\u00f6ljde med fr\u00e5n en handelstr\u00e4dg\u00e5rd i Skellefte\u00e5. Blev tippsad om den, handelstr\u00e4dg\u00e5rden som jag just nu inte kommer ih\u00e5g namnet p\u00e5, av v\u00e4nen S. N\u00e4r vi s\u00e5 h\u00e4lsade p\u00e5 sl\u00e4kten n\u00e4sta g\u00e5ng s\u00e5 bokades ett bes\u00f6k in. En sv\u00e4gerska st\u00e4llde sn\u00e4llt upp och f\u00f6ljde mig dit. Det var inte bara denna riddarsporre som f\u00f6ljde med. Han kunde ju inte resa ensam. F\u00e5r \u00e5terkomma n\u00e4r \u00f6vriga reskamrater b\u00f6rjar knoppas. Om dom g\u00f6r det i \u00e5r?!<\/p>\n<p>Min bl\u00e5 klematis har slagit ut sin f\u00f6rsta blomma.<\/p>\n<p><a href='http:\/\/www.eva.sundstrom.st\/wp-content\/upload\/dsc00329.jpg' title='dsc00329.jpg'><img src='http:\/\/www.eva.sundstrom.st\/wp-content\/upload\/dsc00329.tumnagel.jpg' alt='dsc00329.jpg' \/><\/a><\/p>\n<p>Denna blomma k\u00e4nns f\u00f6r mig s\u00e5 v\u00e4rdefull.<br \/>\nDels f\u00f6r att jag f\u00e5tt den till morsdag, f\u00f6r n\u00e5gra \u00e5r sedan, av \u00e4ldste sonen och hans hj\u00e4rtev\u00e4n.<\/p>\n<p>Dels f\u00f6r att den alltid kommer att p\u00e5minna mig om en v\u00e4n.<br \/>\nEn v\u00e4n som slutat vandra h\u00e4r p\u00e5 jorden och pyssla om sina blommor och v\u00e4nner h\u00e4r. Hon var en bra v\u00e4n och jag saknar henne. <\/p>\n<p>Sm\u00f6rbollarna h\u00e5ller som b\u00e4st p\u00e5 att sl\u00e5 ut. Har f\u00f6r mig att det \u00e4r n\u00e5gon japansk sort. Dom \u00e4r ganska h\u00f6ga.<\/p>\n<p><a href='http:\/\/www.eva.sundstrom.st\/wp-content\/upload\/dsc00334.jpg' title='dsc00334.jpg'><img src='http:\/\/www.eva.sundstrom.st\/wp-content\/upload\/dsc00334.tumnagel.jpg' alt='dsc00334.jpg' \/><\/a><\/p>\n<p>N\u00e4r man l\u00e4ser det h\u00e4r kan man ju tro att jag blivit en riktig tr\u00e4dg\u00e5rdsnisse.<br \/>\nStickar g\u00f6r jag  allt mellan tr\u00e4dg\u00e5rsrundorna men det blir mest strumpor nu och det har jag ju redan visat.<br \/>\nNu v\u00e4ntar tv\u00e5 arbetsdagar och sedan en ledig helg. D\u00e5 v\u00e4ntar jag hem mellansonen och hans hund.<br \/>\nM\u00e5 gott.<\/p>\n","protected":false},"excerpt":{"rendered":"<p>Under dagens runda, mellan regnskurarna, konstaterade jag f\u00f6ljande. Riddarsporrarna \u00e4r klart p\u00e5 G men har inte kommit lika l\u00e5ngt som hos en del andra. Det \u00e4r andra \u00e5ret den h\u00e4r blommar i min tr\u00e4dg\u00e5rd. Den f\u00f6ljde med fr\u00e5n en handelstr\u00e4dg\u00e5rd i Skellefte\u00e5. Blev tippsad om den, handelstr\u00e4dg\u00e5rden som jag just nu inte kommer ih\u00e5g namnet [&hellip;]<\/p>\n","protected":false},"author":1,"featured_media":0,"comment_status":"open","ping_status":"open","sticky":false,"template":"","format":"standard","meta":{"footnotes":""},"categories":[1],"tags":[],"class_list":["post-78","post","type-post","status-publish","format-standard","hentry","category-uncategorized"],"_links":{"self":[{"href":"https:\/\/eva.sundstrom.st\/index.php?rest_route=\/wp\/v2\/posts\/78","targetHints":{"allow":["GET"]}}],"collection":[{"href":"https:\/\/eva.sundstrom.st\/index.php?rest_route=\/wp\/v2\/posts"}],"about":[{"href":"https:\/\/eva.sundstrom.st\/index.php?rest_route=\/wp\/v2\/types\/post"}],"author":[{"embeddable":true,"href":"https:\/\/eva.sundstrom.st\/index.php?rest_route=\/wp\/v2\/users\/1"}],"replies":[{"embeddable":true,"href":"https:\/\/eva.sundstrom.st\/index.php?rest_route=%2Fwp%2Fv2%2Fcomments&post=78"}],"version-history":[{"count":0,"href":"https:\/\/eva.sundstrom.st\/index.php?rest_route=\/wp\/v2\/posts\/78\/revisions"}],"wp:attachment":[{"href":"https:\/\/eva.sundstrom.st\/index.php?rest_route=%2Fwp%2Fv2%2Fmedia&parent=78"}],"wp:term":[{"taxonomy":"category","embeddable":true,"href":"https:\/\/eva.sundstrom.st\/index.php?rest_route=%2Fwp%2Fv2%2Fcategories&post=78"},{"taxonomy":"post_tag","embeddable":true,"href":"https:\/\/eva.sundstrom.st\/index.php?rest_route=%2Fwp%2Fv2%2Ftags&post=78"}],"curies":[{"name":"wp","href":"https:\/\/api.w.org\/{rel}","templated":true}]}}