{"id":7812,"date":"2020-09-02T17:09:59","date_gmt":"2020-09-02T16:09:59","guid":{"rendered":"http:\/\/www.eva.sundstrom.st\/?p=7812"},"modified":"2020-09-02T17:09:59","modified_gmt":"2020-09-02T16:09:59","slug":"malat-klart-200902","status":"publish","type":"post","link":"https:\/\/eva.sundstrom.st\/?p=7812","title":{"rendered":"M\u00e5lat klart 200902"},"content":{"rendered":"<p>Ja, nu hoppas jag att det \u00e4r sista g\u00e5ngen p\u00e5  ett tag som jag tv\u00e4ttar bort m\u00e5larf\u00e4rg p\u00e5 armar!<\/p>\n<p><a href=\"http:\/\/www.eva.sundstrom.st\/wp-content\/upload\/IMG_5404.jpg\"><img loading=\"lazy\" decoding=\"async\" src=\"http:\/\/www.eva.sundstrom.st\/wp-content\/upload\/IMG_5404.jpg\" alt=\"IMG_5404\" width=\"585\" height=\"413\" class=\"aligncenter size-full wp-image-7813\" srcset=\"https:\/\/eva.sundstrom.st\/wp-content\/upload\/IMG_5404.jpg 585w, https:\/\/eva.sundstrom.st\/wp-content\/upload\/IMG_5404-300x211.jpg 300w\" sizes=\"auto, (max-width: 585px) 100vw, 585px\" \/><\/a><\/p>\n<p>Nu \u00e4r sista br\u00e4dan m\u00e5lad.<\/p>\n<p>I kv\u00e4ll ser skogen ut s\u00e5 h\u00e4r!<\/p>\n<p><a href=\"http:\/\/www.eva.sundstrom.st\/wp-content\/upload\/IMG_5408.jpg\"><img loading=\"lazy\" decoding=\"async\" src=\"http:\/\/www.eva.sundstrom.st\/wp-content\/upload\/IMG_5408.jpg\" alt=\"IMG_5408\" width=\"550\" height=\"413\" class=\"aligncenter size-full wp-image-7814\" srcset=\"https:\/\/eva.sundstrom.st\/wp-content\/upload\/IMG_5408.jpg 550w, https:\/\/eva.sundstrom.st\/wp-content\/upload\/IMG_5408-300x225.jpg 300w\" sizes=\"auto, (max-width: 550px) 100vw, 550px\" \/><\/a><\/p>\n<p>Och gr\u00e4smattan p\u00e5 baksidan!<\/p>\n<p><a href=\"http:\/\/www.eva.sundstrom.st\/wp-content\/upload\/IMG_5409.jpg\"><img loading=\"lazy\" decoding=\"async\" src=\"http:\/\/www.eva.sundstrom.st\/wp-content\/upload\/IMG_5409.jpg\" alt=\"IMG_5409\" width=\"946\" height=\"413\" class=\"aligncenter size-full wp-image-7815\" srcset=\"https:\/\/eva.sundstrom.st\/wp-content\/upload\/IMG_5409.jpg 946w, https:\/\/eva.sundstrom.st\/wp-content\/upload\/IMG_5409-300x130.jpg 300w\" sizes=\"auto, (max-width: 946px) 100vw, 946px\" \/><\/a><\/p>\n<p>Hur det \u00e4r i morgon kv\u00e4ll vet vi inte \u00e4nnu!<\/p>\n","protected":false},"excerpt":{"rendered":"<p>Ja, nu hoppas jag att det \u00e4r sista g\u00e5ngen p\u00e5 ett tag som jag tv\u00e4ttar bort m\u00e5larf\u00e4rg p\u00e5 armar! Nu \u00e4r sista br\u00e4dan m\u00e5lad. I kv\u00e4ll ser skogen ut s\u00e5 h\u00e4r! Och gr\u00e4smattan p\u00e5 baksidan! Hur det \u00e4r i morgon kv\u00e4ll vet vi inte \u00e4nnu!<\/p>\n","protected":false},"author":1,"featured_media":0,"comment_status":"open","ping_status":"open","sticky":false,"template":"","format":"standard","meta":{"footnotes":""},"categories":[9],"tags":[],"class_list":["post-7812","post","type-post","status-publish","format-standard","hentry","category-livet"],"_links":{"self":[{"href":"https:\/\/eva.sundstrom.st\/index.php?rest_route=\/wp\/v2\/posts\/7812","targetHints":{"allow":["GET"]}}],"collection":[{"href":"https:\/\/eva.sundstrom.st\/index.php?rest_route=\/wp\/v2\/posts"}],"about":[{"href":"https:\/\/eva.sundstrom.st\/index.php?rest_route=\/wp\/v2\/types\/post"}],"author":[{"embeddable":true,"href":"https:\/\/eva.sundstrom.st\/index.php?rest_route=\/wp\/v2\/users\/1"}],"replies":[{"embeddable":true,"href":"https:\/\/eva.sundstrom.st\/index.php?rest_route=%2Fwp%2Fv2%2Fcomments&post=7812"}],"version-history":[{"count":2,"href":"https:\/\/eva.sundstrom.st\/index.php?rest_route=\/wp\/v2\/posts\/7812\/revisions"}],"predecessor-version":[{"id":7817,"href":"https:\/\/eva.sundstrom.st\/index.php?rest_route=\/wp\/v2\/posts\/7812\/revisions\/7817"}],"wp:attachment":[{"href":"https:\/\/eva.sundstrom.st\/index.php?rest_route=%2Fwp%2Fv2%2Fmedia&parent=7812"}],"wp:term":[{"taxonomy":"category","embeddable":true,"href":"https:\/\/eva.sundstrom.st\/index.php?rest_route=%2Fwp%2Fv2%2Fcategories&post=7812"},{"taxonomy":"post_tag","embeddable":true,"href":"https:\/\/eva.sundstrom.st\/index.php?rest_route=%2Fwp%2Fv2%2Ftags&post=7812"}],"curies":[{"name":"wp","href":"https:\/\/api.w.org\/{rel}","templated":true}]}}