{"id":784,"date":"2008-08-27T14:19:48","date_gmt":"2008-08-27T13:19:48","guid":{"rendered":"http:\/\/www.eva.sundstrom.st\/?p=784"},"modified":"2008-08-27T14:21:38","modified_gmt":"2008-08-27T13:21:38","slug":"norrland-tur-o-retur","status":"publish","type":"post","link":"https:\/\/eva.sundstrom.st\/?p=784","title":{"rendered":"Norrland tur o retur"},"content":{"rendered":"<p>TID.<br \/>\nVad \u00e4r det och vart tar det v\u00e4gen.<\/p>\n<p><a href='http:\/\/www.eva.sundstrom.st\/wp-content\/upload\/dsc03223.jpg' title='dsc03223.jpg'><img src='http:\/\/www.eva.sundstrom.st\/wp-content\/upload\/dsc03223.jpg' alt='dsc03223.jpg' \/><\/a><\/p>\n<p>Nu har vi \u00e4nnu en g\u00e5ng f\u00f6ljt yngste sonen till Arjeplog.<\/p>\n<p>Han flyttade in i ett nytt rum p\u00e5 ett nytt elevhem. <\/p>\n<p><a href='http:\/\/www.eva.sundstrom.st\/wp-content\/upload\/dsc03212.jpg' title='dsc03212.jpg'><img src='http:\/\/www.eva.sundstrom.st\/wp-content\/upload\/dsc03212.jpg' alt='dsc03212.jpg' \/><\/a><\/p>\n<p>Nytt i den bem\u00e4rkelsen att han inte har bott d\u00e4r f\u00f6rut.<\/p>\n<p><a href='http:\/\/www.eva.sundstrom.st\/wp-content\/upload\/dsc03213.jpg' title='dsc03213.jpg'><img src='http:\/\/www.eva.sundstrom.st\/wp-content\/upload\/dsc03213.jpg' alt='dsc03213.jpg' \/><\/a><\/p>\n<p>Tredje \u00e5ret p\u00e5 gymnasiet har b\u00f6rjat och nu startar mammahj\u00e4rnan.<br \/>\nOj vad tankar jag t\u00e4nkt.   <\/p>\n<p><a href='http:\/\/www.eva.sundstrom.st\/wp-content\/upload\/dsc03242.jpg' title='dsc03242.jpg'><img src='http:\/\/www.eva.sundstrom.st\/wp-content\/upload\/dsc03242.jpg' alt='dsc03242.jpg' \/><\/a><\/p>\n<p>OK. Han har bott d\u00e4r uppe tv\u00e5 skol\u00e5r f\u00f6rut och allt har g\u00e5tt j\u00e4ttebra.<\/p>\n<p><a href='http:\/\/www.eva.sundstrom.st\/wp-content\/upload\/dsc03243.jpg' title='dsc03243.jpg'><img src='http:\/\/www.eva.sundstrom.st\/wp-content\/upload\/dsc03243.jpg' alt='dsc03243.jpg' \/><\/a><\/p>\n<p>Varf\u00f6r skulle det d\u00e5 inte g\u00f6ra det nu ?<\/p>\n<p><a href='http:\/\/www.eva.sundstrom.st\/wp-content\/upload\/dsc03245.jpg' title='dsc03245.jpg'><img src='http:\/\/www.eva.sundstrom.st\/wp-content\/upload\/dsc03245.jpg' alt='dsc03245.jpg' \/><\/a><\/p>\n<p>Klart det g\u00e5r bra. <\/p>\n<p><a href='http:\/\/www.eva.sundstrom.st\/wp-content\/upload\/dsc03247.jpg' title='dsc03247.jpg'><img src='http:\/\/www.eva.sundstrom.st\/wp-content\/upload\/dsc03247.jpg' alt='dsc03247.jpg' \/><\/a><\/p>\n<p>Det m\u00e5ste jag ju tro p\u00e5 f\u00f6r vad skulle jag kunna g\u00f6ra h\u00e4rifr\u00e5n? \u00d6ver 100 mil  dit och \u00e4nd\u00e5 \u00e4r vi kvar i Sverige.<\/p>\n<p><a href='http:\/\/www.eva.sundstrom.st\/wp-content\/upload\/dsc03248.jpg' title='dsc03248.jpg'><img src='http:\/\/www.eva.sundstrom.st\/wp-content\/upload\/dsc03248.jpg' alt='dsc03248.jpg' \/><\/a><\/p>\n<p>Har f\u00e5tt intrycket att det finns ett bra kompisj\u00e4ng.<br \/>\nHan har sj\u00e4lv valt att g\u00e5 just den linjen och jag tror inte han vill slarva bort detta sista \u00e5r.<\/p>\n<p><a href='http:\/\/www.eva.sundstrom.st\/wp-content\/upload\/dsc03249.jpg' title='dsc03249.jpg'><img src='http:\/\/www.eva.sundstrom.st\/wp-content\/upload\/dsc03249.jpg' alt='dsc03249.jpg' \/><\/a><\/p>\n<p>Vad det blir sedan f\u00f6r hans del det f\u00e5r framtiden utvisa.<\/p>\n<p>Alla blommbilder \u00e4r tagna i  odlingar utanf\u00f6r min sv\u00e4gerska som bor i Skellefte\u00e5.<\/p>\n<p>P\u00e5 v\u00e4g till Arjeplog fr\u00e5n Skellefte\u00e5 \u00e5kar man igenom Arvidsjaur.<br \/>\nD\u00e4r var det marknad och den bes\u00f6ktes naturligtvis.<\/p>\n<p>Och ingen kan v\u00e4ll gissa vad jag hittade d\u00e4r?<\/p>\n<p>*<\/p>\n<p><a href='http:\/\/www.eva.sundstrom.st\/wp-content\/upload\/dsc03256.jpg' title='dsc03256.jpg'><img src='http:\/\/www.eva.sundstrom.st\/wp-content\/upload\/dsc03256.jpg' alt='dsc03256.jpg' \/><\/a><\/p>\n<p>Den r\u00f6da h\u00e4rvan kommer fr\u00e5n Kampes spinneri. Tala om att g\u00e5 \u00f6ver \u00e5n efter vatten.<br \/>\nH\u00e4rifr\u00e5n till Kampes \u00e4r det kanske drykt fyra  mil!! <\/p>\n<p>Det gr\u00f6na har jag redan b\u00f6rjat p\u00e5 och det \u00e4r t\u00e4nkt att det ska bli en mycket enkel sl\u00e4tstickad sjal.<\/p>\n<p>Vad vore en norrlansresa utan en strupstickning?<br \/>\nL\u00e5ngtr\u00e5kig  tror jag ,s\u00e5 det blev n\u00e5gra nya strumpor \u00e4ven denna g\u00e5ng.<\/p>\n<p><a href='http:\/\/www.eva.sundstrom.st\/wp-content\/upload\/dsc03255.jpg' title='dsc03255.jpg'><img src='http:\/\/www.eva.sundstrom.st\/wp-content\/upload\/dsc03255.jpg' alt='dsc03255.jpg' \/><\/a> <\/p>\n<p>Ha det bra, jag hoppas vi h\u00f6rs igen!<\/p>\n","protected":false},"excerpt":{"rendered":"<p>TID. Vad \u00e4r det och vart tar det v\u00e4gen. Nu har vi \u00e4nnu en g\u00e5ng f\u00f6ljt yngste sonen till Arjeplog. Han flyttade in i ett nytt rum p\u00e5 ett nytt elevhem. Nytt i den bem\u00e4rkelsen att han inte har bott d\u00e4r f\u00f6rut. Tredje \u00e5ret p\u00e5 gymnasiet har b\u00f6rjat och nu startar mammahj\u00e4rnan. Oj vad tankar [&hellip;]<\/p>\n","protected":false},"author":1,"featured_media":0,"comment_status":"open","ping_status":"open","sticky":false,"template":"","format":"standard","meta":{"footnotes":""},"categories":[1],"tags":[],"class_list":["post-784","post","type-post","status-publish","format-standard","hentry","category-uncategorized"],"_links":{"self":[{"href":"https:\/\/eva.sundstrom.st\/index.php?rest_route=\/wp\/v2\/posts\/784","targetHints":{"allow":["GET"]}}],"collection":[{"href":"https:\/\/eva.sundstrom.st\/index.php?rest_route=\/wp\/v2\/posts"}],"about":[{"href":"https:\/\/eva.sundstrom.st\/index.php?rest_route=\/wp\/v2\/types\/post"}],"author":[{"embeddable":true,"href":"https:\/\/eva.sundstrom.st\/index.php?rest_route=\/wp\/v2\/users\/1"}],"replies":[{"embeddable":true,"href":"https:\/\/eva.sundstrom.st\/index.php?rest_route=%2Fwp%2Fv2%2Fcomments&post=784"}],"version-history":[{"count":0,"href":"https:\/\/eva.sundstrom.st\/index.php?rest_route=\/wp\/v2\/posts\/784\/revisions"}],"wp:attachment":[{"href":"https:\/\/eva.sundstrom.st\/index.php?rest_route=%2Fwp%2Fv2%2Fmedia&parent=784"}],"wp:term":[{"taxonomy":"category","embeddable":true,"href":"https:\/\/eva.sundstrom.st\/index.php?rest_route=%2Fwp%2Fv2%2Fcategories&post=784"},{"taxonomy":"post_tag","embeddable":true,"href":"https:\/\/eva.sundstrom.st\/index.php?rest_route=%2Fwp%2Fv2%2Ftags&post=784"}],"curies":[{"name":"wp","href":"https:\/\/api.w.org\/{rel}","templated":true}]}}