{"id":7942,"date":"2020-11-30T20:08:23","date_gmt":"2020-11-30T19:08:23","guid":{"rendered":"http:\/\/www.eva.sundstrom.st\/?p=7942"},"modified":"2020-12-02T09:20:30","modified_gmt":"2020-12-02T08:20:30","slug":"sorgedag-201130","status":"publish","type":"post","link":"https:\/\/eva.sundstrom.st\/?p=7942","title":{"rendered":"Sorgedag 201130"},"content":{"rendered":"<p>I dag \u00e4r en sorgens dag.<br \/>\nMina tankar g\u00e5r till k\u00e4ra syster.<br \/>\nK\u00e4ra syster som hastigt mist sin k\u00e4re make och stora hj\u00e4lp h\u00e4r i livet.<br \/>\nMannen som st\u00e4llt upp i v\u00e5tt och torrt n\u00e4r hennes egna krafter sinat.<\/p>\n<p>Tankarna g\u00e5r till barnen som f\u00f6rlorat sin far.<br \/>\nBarnbarn som f\u00f6rlorat sin farfar\/morfar.<\/p>\n<p>Jo visst. De \u00e4r inte dom f\u00f6rst som drabbas av detta men det \u00e4r \u00e4nd\u00e5 en stor sorg var g\u00e5ng det h\u00e4nder.<\/p>\n<p>Gud, var dom n\u00e4ra och l\u00e5t dom se en v\u00e4g ut ur sorgen.<\/p>\n<p><a href=\"http:\/\/www.eva.sundstrom.st\/wp-content\/upload\/LND_3EDA4EB8-F96C-43CC-84A9-73B3174D8F0F.jpg\"><img loading=\"lazy\" decoding=\"async\" src=\"http:\/\/www.eva.sundstrom.st\/wp-content\/upload\/LND_3EDA4EB8-F96C-43CC-84A9-73B3174D8F0F.jpg\" alt=\"LND_3EDA4EB8-F96C-43CC-84A9-73B3174D8F0F\" width=\"582\" height=\"414\" class=\"aligncenter size-full wp-image-7944\" srcset=\"https:\/\/eva.sundstrom.st\/wp-content\/upload\/LND_3EDA4EB8-F96C-43CC-84A9-73B3174D8F0F.jpg 582w, https:\/\/eva.sundstrom.st\/wp-content\/upload\/LND_3EDA4EB8-F96C-43CC-84A9-73B3174D8F0F-300x213.jpg 300w\" sizes=\"auto, (max-width: 582px) 100vw, 582px\" \/><\/a><\/p>\n","protected":false},"excerpt":{"rendered":"<p>I dag \u00e4r en sorgens dag. Mina tankar g\u00e5r till k\u00e4ra syster. K\u00e4ra syster som hastigt mist sin k\u00e4re make och stora hj\u00e4lp h\u00e4r i livet. Mannen som st\u00e4llt upp i v\u00e5tt och torrt n\u00e4r hennes egna krafter sinat. Tankarna g\u00e5r till barnen som f\u00f6rlorat sin far. Barnbarn som f\u00f6rlorat sin farfar\/morfar. Jo visst. De [&hellip;]<\/p>\n","protected":false},"author":1,"featured_media":0,"comment_status":"open","ping_status":"open","sticky":false,"template":"","format":"standard","meta":{"footnotes":""},"categories":[9],"tags":[],"class_list":["post-7942","post","type-post","status-publish","format-standard","hentry","category-livet"],"_links":{"self":[{"href":"https:\/\/eva.sundstrom.st\/index.php?rest_route=\/wp\/v2\/posts\/7942","targetHints":{"allow":["GET"]}}],"collection":[{"href":"https:\/\/eva.sundstrom.st\/index.php?rest_route=\/wp\/v2\/posts"}],"about":[{"href":"https:\/\/eva.sundstrom.st\/index.php?rest_route=\/wp\/v2\/types\/post"}],"author":[{"embeddable":true,"href":"https:\/\/eva.sundstrom.st\/index.php?rest_route=\/wp\/v2\/users\/1"}],"replies":[{"embeddable":true,"href":"https:\/\/eva.sundstrom.st\/index.php?rest_route=%2Fwp%2Fv2%2Fcomments&post=7942"}],"version-history":[{"count":4,"href":"https:\/\/eva.sundstrom.st\/index.php?rest_route=\/wp\/v2\/posts\/7942\/revisions"}],"predecessor-version":[{"id":7946,"href":"https:\/\/eva.sundstrom.st\/index.php?rest_route=\/wp\/v2\/posts\/7942\/revisions\/7946"}],"wp:attachment":[{"href":"https:\/\/eva.sundstrom.st\/index.php?rest_route=%2Fwp%2Fv2%2Fmedia&parent=7942"}],"wp:term":[{"taxonomy":"category","embeddable":true,"href":"https:\/\/eva.sundstrom.st\/index.php?rest_route=%2Fwp%2Fv2%2Fcategories&post=7942"},{"taxonomy":"post_tag","embeddable":true,"href":"https:\/\/eva.sundstrom.st\/index.php?rest_route=%2Fwp%2Fv2%2Ftags&post=7942"}],"curies":[{"name":"wp","href":"https:\/\/api.w.org\/{rel}","templated":true}]}}