{"id":795,"date":"2008-09-15T09:45:49","date_gmt":"2008-09-15T08:45:49","guid":{"rendered":"http:\/\/www.eva.sundstrom.st\/?p=795"},"modified":"2008-09-15T09:45:49","modified_gmt":"2008-09-15T08:45:49","slug":"dagarna","status":"publish","type":"post","link":"https:\/\/eva.sundstrom.st\/?p=795","title":{"rendered":"DAGARNA"},"content":{"rendered":"<p>g\u00e5r.<\/p>\n<p>Den ena efter den andra.<\/p>\n<p>Inte har jag tr\u00e5kigt<br \/>\noch nog h\u00e4nder det saker men det blir liksom inte av att skriva ner n\u00e5got.<\/p>\n<p>Adressen till bloggen finns ju kvar s\u00e5 ett litet livstecken d\u00e5 och d\u00e5 \u00e4r v\u00e4ll p\u00e5 sin plats. <\/p>\n<p>N\u00e4r vi kom hem fr\u00e5n norrland uppt\u00e4ckte jag att v\u00e5r h\u00e4ck ut mot v\u00e4gen f\u00e5tt en gul blomma.<\/p>\n<p><a href='http:\/\/www.eva.sundstrom.st\/wp-content\/upload\/dsc03260-small.JPG' title='dsc03260-small.JPG'><img src='http:\/\/www.eva.sundstrom.st\/wp-content\/upload\/dsc03260-small.JPG' alt='dsc03260-small.JPG' \/><\/a><\/p>\n<p>Tack lilla f\u00e5gel f\u00f6r denna \u00f6verraskning.<\/p>\n<p>L\u00f6rdag  den 13\/9 hade vi syskontr\u00e4ff.<br \/>\nV\u00e5r mor fyllde \u00e5r den 16\/9.<br \/>\nD\u00e5 var alla hemma igen efter ev. semestrar och ofta kom alla syskon hem just till hennes f\u00f6delsedag.<\/p>\n<p>Det \u00e4r nu 11 \u00e5r sedan hon dog men vi har fortsatt att tr\u00e4ffas den helg som kommer n\u00e4rmast den 16de.<br \/>\nK\u00e4nns som en bra tradition.<br \/>\nVi passar d\u00e5 p\u00e5 att tillsammans titta till graven, d\u00e4r ju \u00e4ven v\u00e5r far vilar sedan 9 \u00e5r tillbaka.<br \/>\nVi \u00e4ter medhavd mat och dricker kaffe d\u00e4r vi bidrar med det vi k\u00e4nner f\u00f6r just den dagen.<\/p>\n<p>Ett tillf\u00e4lle att tr\u00e4ffas och umg\u00e5s.<br \/>\nF\u00f6r v\u00e5ra barn blir det ett tillf\u00e4lle att tr\u00e4ffa sina kusiner och kusinbarn.<br \/>\nI \u00e5r var det tv\u00e5 nya sm\u00e5 kusinbarn med som bara var ett par, tre m\u00e5nader.<\/p>\n<p>P\u00e5 v\u00e4g hem fr\u00e5n kyrkog\u00e5rden fick jag syn p\u00e5 detta stenodjur i den djupa Tivedsskogen<\/p>\n<p><a href='http:\/\/www.eva.sundstrom.st\/wp-content\/upload\/dsc03304-small.JPG' title='dsc03304-small.JPG'><img src='http:\/\/www.eva.sundstrom.st\/wp-content\/upload\/dsc03304-small.JPG' alt='dsc03304-small.JPG' \/><\/a><\/p>\n<p>Sk\u00f6nt att den inte var levande.<\/p>\n<p>Ig\u00e5r, s\u00f6ndag var jag och tv\u00e5 av mina systrar p\u00e5 Jubileumsfest p\u00e5 Skrekarhyttans ungdomsg\u00e5rd.<br \/>\nD\u00e4r var vi p\u00e5 l\u00e4ger n\u00e4r vi var sm\u00e5,  unga ton\u00e5ringar.<\/p>\n<p>Vi tog oss dit p\u00e5 v\u00e4gar, fina v\u00e4gar med mycket vacker natur, som vi inte kom ih\u00e5g och kanske har vi aldrig tidigare \u00e5kt just dom v\u00e4garna. Ingen k\u00e4nde igen sig.<br \/>\nAv v\u00e4gskyltar och ortsnamn f\u00f6rst\u00e5r vi ju att vi m\u00e5ste n\u00e4rma oss m\u00e5let. Pl\u00f6tsligt l\u00e5g d\u00e4r ett vitt, lite gulnande,  hus p\u00e5 h\u00f6ger sida och jag k\u00e4nner igen mig. Men bara huset och det har blivit mindre tycker jag.<\/p>\n<p>Dagen b\u00f6rjade med H\u00f6gm\u00e4ssa i Vikers kyrka<\/p>\n<p><a href='http:\/\/www.eva.sundstrom.st\/wp-content\/upload\/dsc03337.jpg' title='dsc03337.jpg'><img src='http:\/\/www.eva.sundstrom.st\/wp-content\/upload\/dsc03337.jpg' alt='dsc03337.jpg' \/><\/a><\/p>\n<p><a href='http:\/\/www.eva.sundstrom.st\/wp-content\/upload\/dsc03334.jpg' title='dsc03334.jpg'><img src='http:\/\/www.eva.sundstrom.st\/wp-content\/upload\/dsc03334.jpg' alt='dsc03334.jpg' \/><\/a><\/p>\n<p><a href='http:\/\/www.eva.sundstrom.st\/wp-content\/upload\/dsc03332.jpg' title='dsc03332.jpg'><img src='http:\/\/www.eva.sundstrom.st\/wp-content\/upload\/dsc03332.jpg' alt='dsc03332.jpg' \/><\/a><\/p>\n<p>Sedan gl\u00f6mde jag totalt bort att kameran fanns i v\u00e4skan.<br \/>\nEn bra dag hade vi i alla fall. Det finns s\u00e5 mycket minnen. <\/p>\n<p>Tr\u00e4ffade en kvinna som jag inte als k\u00e4nde ingen, men som hade samma minne som jag fr\u00e5n ett l\u00e4ger s\u00e5 vi m\u00e5ste ju ha varit d\u00e4r samtidigt.<\/p>\n<p>P\u00e5 v\u00e4g hem tog vi ocks\u00e5 delvis nya v\u00e4ger och fick \u00e4ven d\u00e4r nya fina natur intryck.<\/p>\n<p>Kan det m\u00e5nne finnas n\u00e5gon som k\u00e4nner igen namnet Skrekarhyttan eller Vikers kyrka?<br \/>\nSkriv g\u00e4rna en rad i s\u00e5 fall.<\/p>\n<p> Nu ska jag ta en runda i tr\u00e4dg\u00e5rden. Har t\u00e4nkt mig att plocka bort och st\u00e4da lite f\u00f6r var dag.<br \/>\nH\u00f6sten \u00e4r h\u00e4r, det \u00e4r tidens g\u00e5ng.<br \/>\nLev v\u00e4l och m\u00e5 gott.<\/p>\n","protected":false},"excerpt":{"rendered":"<p>g\u00e5r. Den ena efter den andra. Inte har jag tr\u00e5kigt och nog h\u00e4nder det saker men det blir liksom inte av att skriva ner n\u00e5got. Adressen till bloggen finns ju kvar s\u00e5 ett litet livstecken d\u00e5 och d\u00e5 \u00e4r v\u00e4ll p\u00e5 sin plats. N\u00e4r vi kom hem fr\u00e5n norrland uppt\u00e4ckte jag att v\u00e5r h\u00e4ck ut [&hellip;]<\/p>\n","protected":false},"author":1,"featured_media":0,"comment_status":"open","ping_status":"open","sticky":false,"template":"","format":"standard","meta":{"footnotes":""},"categories":[1],"tags":[],"class_list":["post-795","post","type-post","status-publish","format-standard","hentry","category-uncategorized"],"_links":{"self":[{"href":"https:\/\/eva.sundstrom.st\/index.php?rest_route=\/wp\/v2\/posts\/795","targetHints":{"allow":["GET"]}}],"collection":[{"href":"https:\/\/eva.sundstrom.st\/index.php?rest_route=\/wp\/v2\/posts"}],"about":[{"href":"https:\/\/eva.sundstrom.st\/index.php?rest_route=\/wp\/v2\/types\/post"}],"author":[{"embeddable":true,"href":"https:\/\/eva.sundstrom.st\/index.php?rest_route=\/wp\/v2\/users\/1"}],"replies":[{"embeddable":true,"href":"https:\/\/eva.sundstrom.st\/index.php?rest_route=%2Fwp%2Fv2%2Fcomments&post=795"}],"version-history":[{"count":0,"href":"https:\/\/eva.sundstrom.st\/index.php?rest_route=\/wp\/v2\/posts\/795\/revisions"}],"wp:attachment":[{"href":"https:\/\/eva.sundstrom.st\/index.php?rest_route=%2Fwp%2Fv2%2Fmedia&parent=795"}],"wp:term":[{"taxonomy":"category","embeddable":true,"href":"https:\/\/eva.sundstrom.st\/index.php?rest_route=%2Fwp%2Fv2%2Fcategories&post=795"},{"taxonomy":"post_tag","embeddable":true,"href":"https:\/\/eva.sundstrom.st\/index.php?rest_route=%2Fwp%2Fv2%2Ftags&post=795"}],"curies":[{"name":"wp","href":"https:\/\/api.w.org\/{rel}","templated":true}]}}