{"id":8036,"date":"2021-01-14T13:53:57","date_gmt":"2021-01-14T12:53:57","guid":{"rendered":"http:\/\/www.eva.sundstrom.st\/?p=8036"},"modified":"2021-01-14T13:53:57","modified_gmt":"2021-01-14T12:53:57","slug":"14-januari-20201","status":"publish","type":"post","link":"https:\/\/eva.sundstrom.st\/?p=8036","title":{"rendered":"14 Januari 20201"},"content":{"rendered":"<p>Inte g\u00e5r tiden saktare i \u00e5r heller.<br \/>\nIbland k\u00e4nns det som om jag knappt hinner stiga upp, kl\u00e4 mig och \u00e4ta frukost, s\u00e5 \u00e4r det kv\u00e4ll.<\/p>\n<p>N\u00e4r tiden r\u00e4cker till s\u00e5 v\u00e4ver jag. \u00c4r n\u00e4stan r\u00e4dd f\u00f6r att klippa ner v\u00e4ven d\u00e5 jag randat och blandat f\u00e4rger hej vilt.<br \/>\nDet blir sp\u00e4nnande! <\/p>\n<p>Har b\u00f6rjat p\u00e5 \u00e4nnu ett par sockor.<\/p>\n<p><a href=\"http:\/\/www.eva.sundstrom.st\/wp-content\/upload\/IMG_6172.jpg\"><img loading=\"lazy\" decoding=\"async\" src=\"http:\/\/www.eva.sundstrom.st\/wp-content\/upload\/IMG_6172.jpg\" alt=\"IMG_6172\" width=\"550\" height=\"413\" class=\"aligncenter size-full wp-image-8037\" srcset=\"https:\/\/eva.sundstrom.st\/wp-content\/upload\/IMG_6172.jpg 550w, https:\/\/eva.sundstrom.st\/wp-content\/upload\/IMG_6172-300x225.jpg 300w\" sizes=\"auto, (max-width: 550px) 100vw, 550px\" \/><\/a><\/p>\n<p>Lite sn\u00f6 har vi f\u00e5tt och n\u00e5gon enstaka dag eller stund, s\u00e5 lyser solen s\u00e5 vackert.<\/p>\n<p>F\u00f6rs\u00f6ker passa p\u00e5 d\u00e5 och ta en promenad.<\/p>\n<p><a href=\"http:\/\/www.eva.sundstrom.st\/wp-content\/upload\/IMG_6194.jpg\"><img loading=\"lazy\" decoding=\"async\" src=\"http:\/\/www.eva.sundstrom.st\/wp-content\/upload\/IMG_6194.jpg\" alt=\"IMG_6194\" width=\"600\" height=\"413\" class=\"aligncenter size-full wp-image-8038\" srcset=\"https:\/\/eva.sundstrom.st\/wp-content\/upload\/IMG_6194.jpg 600w, https:\/\/eva.sundstrom.st\/wp-content\/upload\/IMG_6194-300x206.jpg 300w\" sizes=\"auto, (max-width: 600px) 100vw, 600px\" \/><\/a><\/p>\n<p>H\u00e4r \u00e4r en, av tv\u00e5, gamla amaryllisl\u00f6kar som blommat om i \u00e5r.<\/p>\n<p><a href=\"http:\/\/www.eva.sundstrom.st\/wp-content\/upload\/IMG_6196.jpg\"><img loading=\"lazy\" decoding=\"async\" src=\"http:\/\/www.eva.sundstrom.st\/wp-content\/upload\/IMG_6196.jpg\" alt=\"IMG_6196\" width=\"593\" height=\"413\" class=\"aligncenter size-full wp-image-8039\" srcset=\"https:\/\/eva.sundstrom.st\/wp-content\/upload\/IMG_6196.jpg 593w, https:\/\/eva.sundstrom.st\/wp-content\/upload\/IMG_6196-300x208.jpg 300w\" sizes=\"auto, (max-width: 593px) 100vw, 593px\" \/><\/a><\/p>\n<p>Nu  \u00e4r julen \u00f6ver och det mesta \u00e4r bortplockat. <\/p>\n<p>Bygget g\u00e5r sakta men s\u00e4kert fram\u00e5t.<br \/>\nGolvv\u00e4rmen \u00e4r dragen och i g\u00e5r var elkillen h\u00e4r och drog fram ledningarna f\u00f6r elen.<br \/>\nI dag s\u00e4tter gubben min upp tak. Det f\u00e5r ta den tid det tar.<\/p>\n<p>Det \u00e4r nu \u00f6ppet fr\u00e5n &#8221;gamla&#8221;huset ut till nybygget.<\/p>\n<p><a href=\"http:\/\/www.eva.sundstrom.st\/wp-content\/upload\/IMG_6198.jpg\"><img loading=\"lazy\" decoding=\"async\" src=\"http:\/\/www.eva.sundstrom.st\/wp-content\/upload\/IMG_6198.jpg\" alt=\"IMG_6198\" width=\"550\" height=\"413\" class=\"aligncenter size-full wp-image-8040\" srcset=\"https:\/\/eva.sundstrom.st\/wp-content\/upload\/IMG_6198.jpg 550w, https:\/\/eva.sundstrom.st\/wp-content\/upload\/IMG_6198-300x225.jpg 300w\" sizes=\"auto, (max-width: 550px) 100vw, 550px\" \/><\/a><\/p>\n<p>Nu ska jag \u00e5terg\u00e5 till v\u00e4vstolen! N\u00e4stan en meter kvar!<br \/>\nK\u00e4nner mig sugen p\u00e5 att spinna&#8230; F\u00f6rst v\u00e4va klart!<\/p>\n<p>Var r\u00e4dda om er och akta er f\u00f6r virus!<\/p>\n","protected":false},"excerpt":{"rendered":"<p>Inte g\u00e5r tiden saktare i \u00e5r heller. Ibland k\u00e4nns det som om jag knappt hinner stiga upp, kl\u00e4 mig och \u00e4ta frukost, s\u00e5 \u00e4r det kv\u00e4ll. N\u00e4r tiden r\u00e4cker till s\u00e5 v\u00e4ver jag. \u00c4r n\u00e4stan r\u00e4dd f\u00f6r att klippa ner v\u00e4ven d\u00e5 jag randat och blandat f\u00e4rger hej vilt. Det blir sp\u00e4nnande! Har b\u00f6rjat p\u00e5 [&hellip;]<\/p>\n","protected":false},"author":1,"featured_media":0,"comment_status":"open","ping_status":"open","sticky":false,"template":"","format":"standard","meta":{"footnotes":""},"categories":[4,9],"tags":[],"class_list":["post-8036","post","type-post","status-publish","format-standard","hentry","category-allmant","category-livet"],"_links":{"self":[{"href":"https:\/\/eva.sundstrom.st\/index.php?rest_route=\/wp\/v2\/posts\/8036","targetHints":{"allow":["GET"]}}],"collection":[{"href":"https:\/\/eva.sundstrom.st\/index.php?rest_route=\/wp\/v2\/posts"}],"about":[{"href":"https:\/\/eva.sundstrom.st\/index.php?rest_route=\/wp\/v2\/types\/post"}],"author":[{"embeddable":true,"href":"https:\/\/eva.sundstrom.st\/index.php?rest_route=\/wp\/v2\/users\/1"}],"replies":[{"embeddable":true,"href":"https:\/\/eva.sundstrom.st\/index.php?rest_route=%2Fwp%2Fv2%2Fcomments&post=8036"}],"version-history":[{"count":4,"href":"https:\/\/eva.sundstrom.st\/index.php?rest_route=\/wp\/v2\/posts\/8036\/revisions"}],"predecessor-version":[{"id":8044,"href":"https:\/\/eva.sundstrom.st\/index.php?rest_route=\/wp\/v2\/posts\/8036\/revisions\/8044"}],"wp:attachment":[{"href":"https:\/\/eva.sundstrom.st\/index.php?rest_route=%2Fwp%2Fv2%2Fmedia&parent=8036"}],"wp:term":[{"taxonomy":"category","embeddable":true,"href":"https:\/\/eva.sundstrom.st\/index.php?rest_route=%2Fwp%2Fv2%2Fcategories&post=8036"},{"taxonomy":"post_tag","embeddable":true,"href":"https:\/\/eva.sundstrom.st\/index.php?rest_route=%2Fwp%2Fv2%2Ftags&post=8036"}],"curies":[{"name":"wp","href":"https:\/\/api.w.org\/{rel}","templated":true}]}}