{"id":8054,"date":"2021-01-19T12:25:08","date_gmt":"2021-01-19T11:25:08","guid":{"rendered":"http:\/\/www.eva.sundstrom.st\/?p=8054"},"modified":"2021-01-19T12:25:08","modified_gmt":"2021-01-19T11:25:08","slug":"matta-ett-och-tva","status":"publish","type":"post","link":"https:\/\/eva.sundstrom.st\/?p=8054","title":{"rendered":"Matta ett och tv\u00e5."},"content":{"rendered":"<p>F\u00f6rst ut \u00e4r farmors matta.<br \/>\nHelt inspirerad av en en matta som min sv\u00e4rmor v\u00e4vt en g\u00e5ng i tiden.<br \/>\nEtt arv efter barens farmor!<\/p>\n<p><a href=\"http:\/\/www.eva.sundstrom.st\/wp-content\/upload\/IMG_6219.jpg\"><img loading=\"lazy\" decoding=\"async\" src=\"http:\/\/www.eva.sundstrom.st\/wp-content\/upload\/IMG_6219.jpg\" alt=\"IMG_6219\" width=\"760\" height=\"413\" class=\"aligncenter size-full wp-image-8052\" srcset=\"https:\/\/eva.sundstrom.st\/wp-content\/upload\/IMG_6219.jpg 760w, https:\/\/eva.sundstrom.st\/wp-content\/upload\/IMG_6219-300x163.jpg 300w\" sizes=\"auto, (max-width: 760px) 100vw, 760px\" \/><\/a><\/p>\n<p>I verkligheten k\u00e4nns den inte lika gr\u00e5 som jag tycker bilden f\u00f6rmedlar.<\/p>\n<p>Tv\u00e5an \u00e4r julmattan. <\/p>\n<p><a href=\"http:\/\/www.eva.sundstrom.st\/wp-content\/upload\/IMG_6218.jpg\"><img loading=\"lazy\" decoding=\"async\" src=\"http:\/\/www.eva.sundstrom.st\/wp-content\/upload\/IMG_6218.jpg\" alt=\"IMG_6218\" width=\"282\" height=\"413\" class=\"aligncenter size-full wp-image-8051\" srcset=\"https:\/\/eva.sundstrom.st\/wp-content\/upload\/IMG_6218.jpg 282w, https:\/\/eva.sundstrom.st\/wp-content\/upload\/IMG_6218-204x300.jpg 204w\" sizes=\"auto, (max-width: 282px) 100vw, 282px\" \/><\/a><\/p>\n<p>Den har jag komponerat sj\u00e4lv med hj\u00e4lp av bilder fr\u00e5n v\u00e4vb\u00f6cker. <\/p>\n<p>H\u00e4r trodde jag att varpen skulle ta slut!<br \/>\nDet gjorde den inte, s\u00e5 det kommer mera n\u00e5gon annan dag!<\/p>\n","protected":false},"excerpt":{"rendered":"<p>F\u00f6rst ut \u00e4r farmors matta. Helt inspirerad av en en matta som min sv\u00e4rmor v\u00e4vt en g\u00e5ng i tiden. Ett arv efter barens farmor! I verkligheten k\u00e4nns den inte lika gr\u00e5 som jag tycker bilden f\u00f6rmedlar. Tv\u00e5an \u00e4r julmattan. Den har jag komponerat sj\u00e4lv med hj\u00e4lp av bilder fr\u00e5n v\u00e4vb\u00f6cker. H\u00e4r trodde jag att varpen [&hellip;]<\/p>\n","protected":false},"author":1,"featured_media":0,"comment_status":"open","ping_status":"open","sticky":false,"template":"","format":"standard","meta":{"footnotes":""},"categories":[4,13],"tags":[],"class_list":["post-8054","post","type-post","status-publish","format-standard","hentry","category-allmant","category-hantverk"],"_links":{"self":[{"href":"https:\/\/eva.sundstrom.st\/index.php?rest_route=\/wp\/v2\/posts\/8054","targetHints":{"allow":["GET"]}}],"collection":[{"href":"https:\/\/eva.sundstrom.st\/index.php?rest_route=\/wp\/v2\/posts"}],"about":[{"href":"https:\/\/eva.sundstrom.st\/index.php?rest_route=\/wp\/v2\/types\/post"}],"author":[{"embeddable":true,"href":"https:\/\/eva.sundstrom.st\/index.php?rest_route=\/wp\/v2\/users\/1"}],"replies":[{"embeddable":true,"href":"https:\/\/eva.sundstrom.st\/index.php?rest_route=%2Fwp%2Fv2%2Fcomments&post=8054"}],"version-history":[{"count":2,"href":"https:\/\/eva.sundstrom.st\/index.php?rest_route=\/wp\/v2\/posts\/8054\/revisions"}],"predecessor-version":[{"id":8056,"href":"https:\/\/eva.sundstrom.st\/index.php?rest_route=\/wp\/v2\/posts\/8054\/revisions\/8056"}],"wp:attachment":[{"href":"https:\/\/eva.sundstrom.st\/index.php?rest_route=%2Fwp%2Fv2%2Fmedia&parent=8054"}],"wp:term":[{"taxonomy":"category","embeddable":true,"href":"https:\/\/eva.sundstrom.st\/index.php?rest_route=%2Fwp%2Fv2%2Fcategories&post=8054"},{"taxonomy":"post_tag","embeddable":true,"href":"https:\/\/eva.sundstrom.st\/index.php?rest_route=%2Fwp%2Fv2%2Ftags&post=8054"}],"curies":[{"name":"wp","href":"https:\/\/api.w.org\/{rel}","templated":true}]}}