{"id":8095,"date":"2021-02-12T12:20:03","date_gmt":"2021-02-12T11:20:03","guid":{"rendered":"http:\/\/www.eva.sundstrom.st\/?p=8095"},"modified":"2021-02-12T12:20:03","modified_gmt":"2021-02-12T11:20:03","slug":"datastrul","status":"publish","type":"post","link":"https:\/\/eva.sundstrom.st\/?p=8095","title":{"rendered":"Datastrul"},"content":{"rendered":"<p>S\u00e5 var en en gnistrande fin dag i g\u00e5r.<br \/>\nTar en promenad p\u00e5 ca 1,5 km bara men tror jag ska frysa fingrarna av mig innan jag \u00e4r hemma! <\/p>\n<p>Det hann bli tv\u00e5 promenadbilder innan fingrarna var f\u00f6r stela. <\/p>\n<p>S\u00e5 blir det kv\u00e4ll och jag t\u00e4nker fixa bilderna och klickar in h\u00e4rochd\u00e4r. S\u00e5 h\u00e4nder det d\u00e4r som inte ska h\u00e4nda. Otekniska modern klickar bort alla bilder! <\/p>\n<p>Finns inte en enda bild!<br \/>\nH\u00e5h\u00e5jaja<\/p>\n<p>Tur man har dom som kan hj\u00e4lpa modern, vips s\u00e5 fanns alla bilder d\u00e4r igen men d\u00e5 var jag f\u00f6r tr\u00f6tt f\u00f6r att forts\u00e4tta.<\/p>\n<p>F\u00f6rst ut \u00e4r en ticka som nog varit med f\u00f6rr n\u00e5gon g\u00e5ng. Nu h\u00e5ller den p\u00e5 att tappa underredet!<\/p>\n<p><a href=\"http:\/\/www.eva.sundstrom.st\/wp-content\/upload\/IMG_6327.jpg\"><img loading=\"lazy\" decoding=\"async\" src=\"http:\/\/www.eva.sundstrom.st\/wp-content\/upload\/IMG_6327.jpg\" alt=\"IMG_6327\" width=\"474\" height=\"413\" class=\"aligncenter size-full wp-image-8097\" srcset=\"https:\/\/eva.sundstrom.st\/wp-content\/upload\/IMG_6327.jpg 474w, https:\/\/eva.sundstrom.st\/wp-content\/upload\/IMG_6327-300x261.jpg 300w\" sizes=\"auto, (max-width: 474px) 100vw, 474px\" \/><\/a><\/p>\n<p>Och lilla talltoppen som en sk\u00e5l fylld med sn\u00f6<\/p>\n<p><a href=\"http:\/\/www.eva.sundstrom.st\/wp-content\/upload\/IMG_6330.jpg\"><img loading=\"lazy\" decoding=\"async\" src=\"http:\/\/www.eva.sundstrom.st\/wp-content\/upload\/IMG_6330.jpg\" alt=\"IMG_6330\" width=\"550\" height=\"413\" class=\"aligncenter size-full wp-image-8098\" srcset=\"https:\/\/eva.sundstrom.st\/wp-content\/upload\/IMG_6330.jpg 550w, https:\/\/eva.sundstrom.st\/wp-content\/upload\/IMG_6330-300x225.jpg 300w\" sizes=\"auto, (max-width: 550px) 100vw, 550px\" \/><\/a><\/p>\n<p>Den fina blombuketten jag fick i veckan \u00e4r ocks\u00e5 v\u00e4rd att vara med h\u00e4r<\/p>\n<p><a href=\"http:\/\/www.eva.sundstrom.st\/wp-content\/upload\/IMG_6322.jpg\"><img loading=\"lazy\" decoding=\"async\" src=\"http:\/\/www.eva.sundstrom.st\/wp-content\/upload\/IMG_6322.jpg\" alt=\"IMG_6322\" width=\"550\" height=\"413\" class=\"aligncenter size-full wp-image-8096\" srcset=\"https:\/\/eva.sundstrom.st\/wp-content\/upload\/IMG_6322.jpg 550w, https:\/\/eva.sundstrom.st\/wp-content\/upload\/IMG_6322-300x225.jpg 300w\" sizes=\"auto, (max-width: 550px) 100vw, 550px\" \/><\/a><\/p>\n<p>Tack mina n\u00e4ra och k\u00e4ra!<\/p>\n<p>Blockade en sjal ocks\u00e5 i g\u00e5r. Handf\u00e4rgat garn som jag k\u00f6pt p\u00e5<br \/>\n@Garntorpet  \u00b7 Konst- och hantverksbutik. Min n\u00e4rmaste fysiska garnbutik!<\/p>\n<p><a href=\"http:\/\/www.eva.sundstrom.st\/wp-content\/upload\/IMG_6344.jpg\"><img loading=\"lazy\" decoding=\"async\" src=\"http:\/\/www.eva.sundstrom.st\/wp-content\/upload\/IMG_6344.jpg\" alt=\"IMG_6344\" width=\"807\" height=\"413\" class=\"aligncenter size-full wp-image-8101\" srcset=\"https:\/\/eva.sundstrom.st\/wp-content\/upload\/IMG_6344.jpg 807w, https:\/\/eva.sundstrom.st\/wp-content\/upload\/IMG_6344-300x153.jpg 300w\" sizes=\"auto, (max-width: 807px) 100vw, 807px\" \/><\/a><\/p>\n<p>Min variant av j\u00e4mt oj\u00e4mt  tror jag eller om det hette Jonas. Ja ja. Det var l\u00e4ngesedan jag b\u00f6rjade p\u00e5 den och den har legat klar ett tag. Tror den blir s\u00e5 d\u00e4r lite lagom att ha runt halsen.<\/p>\n<p>Inan datastrulet hade b\u00f6rjat s\u00e5 hade jag plockat fram en av spinnrockarna. Nu var det l\u00e4ngesedan jag spann n\u00e5got och b\u00f6rjade k\u00e4nna riktigt sug. <\/p>\n<p><a href=\"http:\/\/www.eva.sundstrom.st\/wp-content\/upload\/IMG_6333.jpg\"><img loading=\"lazy\" decoding=\"async\" src=\"http:\/\/www.eva.sundstrom.st\/wp-content\/upload\/IMG_6333.jpg\" alt=\"IMG_6333\" width=\"311\" height=\"415\" class=\"aligncenter size-full wp-image-8099\" srcset=\"https:\/\/eva.sundstrom.st\/wp-content\/upload\/IMG_6333.jpg 311w, https:\/\/eva.sundstrom.st\/wp-content\/upload\/IMG_6333-224x300.jpg 224w\" sizes=\"auto, (max-width: 311px) 100vw, 311px\" \/><\/a><\/p>\n<p>Precis s\u00e5 fridfullt som som det ska vara att spinna. Bra blandrasull blandad med lite mohair. <\/p>\n<p>N\u00e4r jag kom in hade ordf\u00f6rande i r\u00f6dakorset varit h\u00e4r och l\u00e4mnat lite uppmuntran.<\/p>\n<p><a href=\"http:\/\/www.eva.sundstrom.st\/wp-content\/upload\/IMG_6338.jpg\"><img loading=\"lazy\" decoding=\"async\" src=\"http:\/\/www.eva.sundstrom.st\/wp-content\/upload\/IMG_6338.jpg\" alt=\"IMG_6338\" width=\"400\" height=\"413\" class=\"aligncenter size-full wp-image-8100\" srcset=\"https:\/\/eva.sundstrom.st\/wp-content\/upload\/IMG_6338.jpg 400w, https:\/\/eva.sundstrom.st\/wp-content\/upload\/IMG_6338-290x300.jpg 290w\" sizes=\"auto, (max-width: 400px) 100vw, 400px\" \/><\/a><\/p>\n<p>Den \u00f6verraskningen v\u00e4rmde!<\/p>\n<p>I dag p\u00e5 morgon storknade det. T\u00e4nkte f\u00f6rs\u00f6ka filma lite efter furukost men d\u00e5 hade det slutat och sju skiner solen lika fint som i g\u00e5r.  <\/p>\n<p>Ha en bra dag!<\/p>\n","protected":false},"excerpt":{"rendered":"<p>S\u00e5 var en en gnistrande fin dag i g\u00e5r. Tar en promenad p\u00e5 ca 1,5 km bara men tror jag ska frysa fingrarna av mig innan jag \u00e4r hemma! Det hann bli tv\u00e5 promenadbilder innan fingrarna var f\u00f6r stela. S\u00e5 blir det kv\u00e4ll och jag t\u00e4nker fixa bilderna och klickar in h\u00e4rochd\u00e4r. S\u00e5 h\u00e4nder det [&hellip;]<\/p>\n","protected":false},"author":1,"featured_media":0,"comment_status":"open","ping_status":"open","sticky":false,"template":"","format":"standard","meta":{"footnotes":""},"categories":[13,9,16],"tags":[],"class_list":["post-8095","post","type-post","status-publish","format-standard","hentry","category-hantverk","category-livet","category-natur"],"_links":{"self":[{"href":"https:\/\/eva.sundstrom.st\/index.php?rest_route=\/wp\/v2\/posts\/8095","targetHints":{"allow":["GET"]}}],"collection":[{"href":"https:\/\/eva.sundstrom.st\/index.php?rest_route=\/wp\/v2\/posts"}],"about":[{"href":"https:\/\/eva.sundstrom.st\/index.php?rest_route=\/wp\/v2\/types\/post"}],"author":[{"embeddable":true,"href":"https:\/\/eva.sundstrom.st\/index.php?rest_route=\/wp\/v2\/users\/1"}],"replies":[{"embeddable":true,"href":"https:\/\/eva.sundstrom.st\/index.php?rest_route=%2Fwp%2Fv2%2Fcomments&post=8095"}],"version-history":[{"count":6,"href":"https:\/\/eva.sundstrom.st\/index.php?rest_route=\/wp\/v2\/posts\/8095\/revisions"}],"predecessor-version":[{"id":8107,"href":"https:\/\/eva.sundstrom.st\/index.php?rest_route=\/wp\/v2\/posts\/8095\/revisions\/8107"}],"wp:attachment":[{"href":"https:\/\/eva.sundstrom.st\/index.php?rest_route=%2Fwp%2Fv2%2Fmedia&parent=8095"}],"wp:term":[{"taxonomy":"category","embeddable":true,"href":"https:\/\/eva.sundstrom.st\/index.php?rest_route=%2Fwp%2Fv2%2Fcategories&post=8095"},{"taxonomy":"post_tag","embeddable":true,"href":"https:\/\/eva.sundstrom.st\/index.php?rest_route=%2Fwp%2Fv2%2Ftags&post=8095"}],"curies":[{"name":"wp","href":"https:\/\/api.w.org\/{rel}","templated":true}]}}