{"id":8109,"date":"2021-02-19T17:10:20","date_gmt":"2021-02-19T16:10:20","guid":{"rendered":"http:\/\/www.eva.sundstrom.st\/?p=8109"},"modified":"2021-02-19T17:10:20","modified_gmt":"2021-02-19T16:10:20","slug":"fredag-v-7","status":"publish","type":"post","link":"https:\/\/eva.sundstrom.st\/?p=8109","title":{"rendered":"Fredag v 7."},"content":{"rendered":"<p>Denna fredag har varit en gr\u00e5 historia!<br \/>\nK\u00e4nns n\u00e4stan inte ljust n\u00e5gon g\u00e5ng i dag. \u00c4nd\u00e5 m\u00e4rks det p\u00e5 det lilla ljus som varit att vi \u00e4r p\u00e5 v\u00e5rsidan!<\/p>\n<p>H\u00e4nder inga stora saker h\u00e4r och det kan v\u00e4l iof vara sk\u00f6nt. <\/p>\n<p>Jo, var ju ut och rantade h\u00e4rom dagen. En tur till den mest lokala garnaff\u00e4ren.<\/p>\n<p>Det blev n\u00e5gra nystan mer \u00e4n jag t\u00e4nkt fr\u00e5n b\u00f6rja men det kan vara bra att ha.<\/p>\n<p>S\u00e5 var det det h\u00e4r<\/p>\n<p><a href=\"http:\/\/www.eva.sundstrom.st\/wp-content\/upload\/IMG_6358.jpg\"><img loading=\"lazy\" decoding=\"async\" src=\"http:\/\/www.eva.sundstrom.st\/wp-content\/upload\/IMG_6358.jpg\" alt=\"IMG_6358\" width=\"550\" height=\"413\" class=\"aligncenter size-full wp-image-8111\" srcset=\"https:\/\/eva.sundstrom.st\/wp-content\/upload\/IMG_6358.jpg 550w, https:\/\/eva.sundstrom.st\/wp-content\/upload\/IMG_6358-300x225.jpg 300w\" sizes=\"auto, (max-width: 550px) 100vw, 550px\" \/><\/a><\/p>\n<p>Allts\u00e5! Vad \u00e4r det f\u00f6r ordning p\u00e5 den h\u00e4r kvinnan! Bara b\u00f6rja p\u00e5 ett s\u00e5dant h\u00e4r projekt utan att veta hur hon ska slutf\u00f6ra det? En massa tr\u00e5dar som ska f\u00e4stas ocks\u00e5!<br \/>\nB\u00f6rjade nog f\u00f6r att det var roligt att virka stj\u00e4rnorna och nu f\u00e5r hon ju lov att g\u00f6ra det klart. <\/p>\n<p>Syssels\u00e4ttningen i dag har varit att virka klart stj\u00e4rnorna och f\u00f6rs\u00f6ka b\u00f6rja p\u00e5 n\u00e5gon form av kant. Och s\u00e5 f\u00e4sta tr\u00e5dar f\u00f6rst\u00e5s.<\/p>\n<p>D\u00e4remellan har jag hj\u00e4lpt mannen att b\u00e4ra in eller lyfta upp gipsskivor. N\u00e5gra  till ska upp innan det \u00e4r dags f\u00f6r golv och tapeter!<\/p>\n<p>H\u00e4r kommer fler p\u00e5b\u00f6rjade projekt<\/p>\n<p><a href=\"http:\/\/www.eva.sundstrom.st\/wp-content\/upload\/IMG_6359.jpg\"><img loading=\"lazy\" decoding=\"async\" src=\"http:\/\/www.eva.sundstrom.st\/wp-content\/upload\/IMG_6359.jpg\" alt=\"IMG_6359\" width=\"550\" height=\"413\" class=\"aligncenter size-full wp-image-8112\" srcset=\"https:\/\/eva.sundstrom.st\/wp-content\/upload\/IMG_6359.jpg 550w, https:\/\/eva.sundstrom.st\/wp-content\/upload\/IMG_6359-300x225.jpg 300w\" sizes=\"auto, (max-width: 550px) 100vw, 550px\" \/><\/a><\/p>\n<p>Det \u00e4r allt gott att ha n\u00e5got att pyssla med!<\/p>\n<p>Lite fr\u00f6funderingar har b\u00f6rjat dyka upp. Undrar just om jag ska odla n\u00e5got i \u00e5r!<\/p>\n<p>Till sist en liten tulpan bara f\u00f6r att jag tyckte den var s\u00e5 vacker!<\/p>\n<p><a href=\"http:\/\/www.eva.sundstrom.st\/wp-content\/upload\/IMG_6357.jpg\"><img loading=\"lazy\" decoding=\"async\" src=\"http:\/\/www.eva.sundstrom.st\/wp-content\/upload\/IMG_6357.jpg\" alt=\"IMG_6357\" width=\"335\" height=\"413\" class=\"aligncenter size-full wp-image-8110\" srcset=\"https:\/\/eva.sundstrom.st\/wp-content\/upload\/IMG_6357.jpg 335w, https:\/\/eva.sundstrom.st\/wp-content\/upload\/IMG_6357-243x300.jpg 243w\" sizes=\"auto, (max-width: 335px) 100vw, 335px\" \/><\/a><\/p>\n<p>Ha en bra helg, go v\u00e4nner!<\/p>\n","protected":false},"excerpt":{"rendered":"<p>Denna fredag har varit en gr\u00e5 historia! K\u00e4nns n\u00e4stan inte ljust n\u00e5gon g\u00e5ng i dag. \u00c4nd\u00e5 m\u00e4rks det p\u00e5 det lilla ljus som varit att vi \u00e4r p\u00e5 v\u00e5rsidan! H\u00e4nder inga stora saker h\u00e4r och det kan v\u00e4l iof vara sk\u00f6nt. Jo, var ju ut och rantade h\u00e4rom dagen. En tur till den mest lokala [&hellip;]<\/p>\n","protected":false},"author":1,"featured_media":0,"comment_status":"open","ping_status":"open","sticky":false,"template":"","format":"standard","meta":{"footnotes":""},"categories":[13,9],"tags":[],"class_list":["post-8109","post","type-post","status-publish","format-standard","hentry","category-hantverk","category-livet"],"_links":{"self":[{"href":"https:\/\/eva.sundstrom.st\/index.php?rest_route=\/wp\/v2\/posts\/8109","targetHints":{"allow":["GET"]}}],"collection":[{"href":"https:\/\/eva.sundstrom.st\/index.php?rest_route=\/wp\/v2\/posts"}],"about":[{"href":"https:\/\/eva.sundstrom.st\/index.php?rest_route=\/wp\/v2\/types\/post"}],"author":[{"embeddable":true,"href":"https:\/\/eva.sundstrom.st\/index.php?rest_route=\/wp\/v2\/users\/1"}],"replies":[{"embeddable":true,"href":"https:\/\/eva.sundstrom.st\/index.php?rest_route=%2Fwp%2Fv2%2Fcomments&post=8109"}],"version-history":[{"count":2,"href":"https:\/\/eva.sundstrom.st\/index.php?rest_route=\/wp\/v2\/posts\/8109\/revisions"}],"predecessor-version":[{"id":8114,"href":"https:\/\/eva.sundstrom.st\/index.php?rest_route=\/wp\/v2\/posts\/8109\/revisions\/8114"}],"wp:attachment":[{"href":"https:\/\/eva.sundstrom.st\/index.php?rest_route=%2Fwp%2Fv2%2Fmedia&parent=8109"}],"wp:term":[{"taxonomy":"category","embeddable":true,"href":"https:\/\/eva.sundstrom.st\/index.php?rest_route=%2Fwp%2Fv2%2Fcategories&post=8109"},{"taxonomy":"post_tag","embeddable":true,"href":"https:\/\/eva.sundstrom.st\/index.php?rest_route=%2Fwp%2Fv2%2Ftags&post=8109"}],"curies":[{"name":"wp","href":"https:\/\/api.w.org\/{rel}","templated":true}]}}