{"id":815,"date":"2008-10-11T19:36:57","date_gmt":"2008-10-11T18:36:57","guid":{"rendered":"http:\/\/www.eva.sundstrom.st\/?p=815"},"modified":"2008-10-11T19:36:57","modified_gmt":"2008-10-11T18:36:57","slug":"den-elfte-dagen-i-oktober","status":"publish","type":"post","link":"https:\/\/eva.sundstrom.st\/?p=815","title":{"rendered":"Den elfte dagen i oktober"},"content":{"rendered":"<p>Dagarna bara rullar p\u00e5.<br \/>\nS\u00e4tter p\u00e5 datorn och l\u00e4ser bloggar h\u00e4r och d\u00e4r och alla verkar var h\u00f6gaktiv.<br \/>\nLigger inte bara och latar mig sj\u00e4lv heller men f\u00e5r liksom inget skrivet. Kameran \u00e4r inte med vid r\u00e4tt tillf\u00e4lle eller s\u00e5 gl\u00f6mmer jag helt enkelt av att jag har den med.<\/p>\n<p>Det h\u00e4r med hj\u00e4rna, minne och koll p\u00e5 vad man g\u00f6r.!?  Jag s\u00e4ger inget mer. <\/p>\n<p>I dag jobbade jag p\u00e5 f\u00f6rmiddagen. N\u00e4r jag gick dit sm\u00e5regnade det och hela f\u00f6rmiddagen var det gr\u00e5tt och regnigt. Gick hem vid tv\u00e5 tiden och d\u00e5 sken solen.  Sedan var jag ute i tr\u00e4dg\u00e5rden och klippte lite.<\/p>\n<p>Se vad jag hittade.<\/p>\n<p><a href='http:\/\/www.eva.sundstrom.st\/wp-content\/upload\/dsc03459.jpg' title='dsc03459.jpg'><img src='http:\/\/www.eva.sundstrom.st\/wp-content\/upload\/dsc03459.jpg' alt='dsc03459.jpg' \/><\/a><\/p>\n<p><a href='http:\/\/www.eva.sundstrom.st\/wp-content\/upload\/dsc03460.jpg' title='dsc03460.jpg'><img src='http:\/\/www.eva.sundstrom.st\/wp-content\/upload\/dsc03460.jpg' alt='dsc03460.jpg' \/><\/a><\/p>\n<p>Tv\u00e5 knoppar p\u00e5 en lilja som blommar med gula vackra blommor.<\/p>\n<p><a href='http:\/\/www.eva.sundstrom.st\/wp-content\/upload\/dsc00690.jpg' title='dsc00690.jpg'><img src='http:\/\/www.eva.sundstrom.st\/wp-content\/upload\/dsc00690.jpg' alt='dsc00690.jpg' \/><\/a><\/p>\n<p>Den hade en blomma i somras, nu kan den v\u00e4ll aldrig hinna sl\u00e5 ut? Kunde \u00e4nd\u00e5 inte klippa ner den. V\u00e4ntar lite och hoppas.<\/p>\n<p>Nu ska jag sticka en stund. Borde nog ta tag i en del som ligger halvf\u00e4rdigt  \ud83d\ude09 men inte i kv\u00e4ll.<\/p>\n<p>Var ut p\u00e5 g\u00e5rden f\u00f6r en stund sedan och d\u00e5 s\u00e5g det ut s\u00e5 h\u00e4r \u00f6ver hustaket.<\/p>\n<p><a href='http:\/\/www.eva.sundstrom.st\/wp-content\/upload\/dsc03477.jpg' title='dsc03477.jpg'><img src='http:\/\/www.eva.sundstrom.st\/wp-content\/upload\/dsc03477.jpg' alt='dsc03477.jpg' \/><\/a><\/p>\n<p>En bra helg \u00f6nskar jag er alla<\/p>\n","protected":false},"excerpt":{"rendered":"<p>Dagarna bara rullar p\u00e5. S\u00e4tter p\u00e5 datorn och l\u00e4ser bloggar h\u00e4r och d\u00e4r och alla verkar var h\u00f6gaktiv. Ligger inte bara och latar mig sj\u00e4lv heller men f\u00e5r liksom inget skrivet. Kameran \u00e4r inte med vid r\u00e4tt tillf\u00e4lle eller s\u00e5 gl\u00f6mmer jag helt enkelt av att jag har den med. Det h\u00e4r med hj\u00e4rna, minne [&hellip;]<\/p>\n","protected":false},"author":1,"featured_media":0,"comment_status":"open","ping_status":"open","sticky":false,"template":"","format":"standard","meta":{"footnotes":""},"categories":[1],"tags":[],"class_list":["post-815","post","type-post","status-publish","format-standard","hentry","category-uncategorized"],"_links":{"self":[{"href":"https:\/\/eva.sundstrom.st\/index.php?rest_route=\/wp\/v2\/posts\/815","targetHints":{"allow":["GET"]}}],"collection":[{"href":"https:\/\/eva.sundstrom.st\/index.php?rest_route=\/wp\/v2\/posts"}],"about":[{"href":"https:\/\/eva.sundstrom.st\/index.php?rest_route=\/wp\/v2\/types\/post"}],"author":[{"embeddable":true,"href":"https:\/\/eva.sundstrom.st\/index.php?rest_route=\/wp\/v2\/users\/1"}],"replies":[{"embeddable":true,"href":"https:\/\/eva.sundstrom.st\/index.php?rest_route=%2Fwp%2Fv2%2Fcomments&post=815"}],"version-history":[{"count":0,"href":"https:\/\/eva.sundstrom.st\/index.php?rest_route=\/wp\/v2\/posts\/815\/revisions"}],"wp:attachment":[{"href":"https:\/\/eva.sundstrom.st\/index.php?rest_route=%2Fwp%2Fv2%2Fmedia&parent=815"}],"wp:term":[{"taxonomy":"category","embeddable":true,"href":"https:\/\/eva.sundstrom.st\/index.php?rest_route=%2Fwp%2Fv2%2Fcategories&post=815"},{"taxonomy":"post_tag","embeddable":true,"href":"https:\/\/eva.sundstrom.st\/index.php?rest_route=%2Fwp%2Fv2%2Ftags&post=815"}],"curies":[{"name":"wp","href":"https:\/\/api.w.org\/{rel}","templated":true}]}}