{"id":8192,"date":"2021-04-04T09:01:50","date_gmt":"2021-04-04T08:01:50","guid":{"rendered":"http:\/\/www.eva.sundstrom.st\/?p=8192"},"modified":"2021-04-04T09:05:00","modified_gmt":"2021-04-04T08:05:00","slug":"8192","status":"publish","type":"post","link":"https:\/\/eva.sundstrom.st\/?p=8192","title":{"rendered":"\u00c4nnu en coronaP\u00e5sk"},"content":{"rendered":"<p> P\u00e5sken f\u00f6r oss blir en lugn helg som dom flesta helger senaste tiden!<br \/>\nI g\u00e5r, p\u00e5skafton, sprang en av s\u00f6nerna, och hans familj, f\u00f6rbi p\u00e5 gr\u00e4smattan en sv\u00e4ng. Pratade n\u00e5gra ord och framf\u00f6r allt fick vi titta p\u00e5 dom en stund, s\u00e5 lite som v\u00e4rmer ett mamma och farmorshj\u00e4rta.<\/p>\n<p>K\u00e4nns som barnbarnen v\u00e4xer \u00e4nnu fortare \u00e4n dom egna gjorde n\u00e4r dom var i samma \u00e5lder.<br \/>\nVill ju f\u00e5 krama om dom n\u00e5gon mer g\u00e5ng medan dom \u00e4r n\u00e5gorlunda sm\u00e5.  <\/p>\n<p>Fixade till lite p\u00e5skmat \u00e5t oss tv\u00e5. Blev v\u00e4l lite mer \u00e4n vad som var n\u00f6dv\u00e4ndigt s\u00e5 rena paltkoman infann sig.<\/p>\n<p>Ett snabbt beslut om att vi beh\u00f6vde lite frisk luft slutade med bes\u00f6k p\u00e5 stenstranden just n\u00e4r solen g\u00e5tt ner.<\/p>\n<p><a href=\"http:\/\/www.eva.sundstrom.st\/wp-content\/upload\/IMG_6620.jpg\"><img loading=\"lazy\" decoding=\"async\" src=\"http:\/\/www.eva.sundstrom.st\/wp-content\/upload\/IMG_6620.jpg\" alt=\"IMG_6620\" width=\"550\" height=\"413\" class=\"aligncenter size-full wp-image-8193\" srcset=\"https:\/\/eva.sundstrom.st\/wp-content\/upload\/IMG_6620.jpg 550w, https:\/\/eva.sundstrom.st\/wp-content\/upload\/IMG_6620-300x225.jpg 300w\" sizes=\"auto, (max-width: 550px) 100vw, 550px\" \/><\/a><\/p>\n<p>K\u00e4ndes som en fin avslutning p\u00e5 p\u00e5skafon  2021<\/p>\n","protected":false},"excerpt":{"rendered":"<p>P\u00e5sken f\u00f6r oss blir en lugn helg som dom flesta helger senaste tiden! I g\u00e5r, p\u00e5skafton, sprang en av s\u00f6nerna, och hans familj, f\u00f6rbi p\u00e5 gr\u00e4smattan en sv\u00e4ng. Pratade n\u00e5gra ord och framf\u00f6r allt fick vi titta p\u00e5 dom en stund, s\u00e5 lite som v\u00e4rmer ett mamma och farmorshj\u00e4rta. K\u00e4nns som barnbarnen v\u00e4xer \u00e4nnu fortare [&hellip;]<\/p>\n","protected":false},"author":1,"featured_media":0,"comment_status":"open","ping_status":"open","sticky":false,"template":"","format":"standard","meta":{"footnotes":""},"categories":[9,16],"tags":[],"class_list":["post-8192","post","type-post","status-publish","format-standard","hentry","category-livet","category-natur"],"_links":{"self":[{"href":"https:\/\/eva.sundstrom.st\/index.php?rest_route=\/wp\/v2\/posts\/8192","targetHints":{"allow":["GET"]}}],"collection":[{"href":"https:\/\/eva.sundstrom.st\/index.php?rest_route=\/wp\/v2\/posts"}],"about":[{"href":"https:\/\/eva.sundstrom.st\/index.php?rest_route=\/wp\/v2\/types\/post"}],"author":[{"embeddable":true,"href":"https:\/\/eva.sundstrom.st\/index.php?rest_route=\/wp\/v2\/users\/1"}],"replies":[{"embeddable":true,"href":"https:\/\/eva.sundstrom.st\/index.php?rest_route=%2Fwp%2Fv2%2Fcomments&post=8192"}],"version-history":[{"count":3,"href":"https:\/\/eva.sundstrom.st\/index.php?rest_route=\/wp\/v2\/posts\/8192\/revisions"}],"predecessor-version":[{"id":8196,"href":"https:\/\/eva.sundstrom.st\/index.php?rest_route=\/wp\/v2\/posts\/8192\/revisions\/8196"}],"wp:attachment":[{"href":"https:\/\/eva.sundstrom.st\/index.php?rest_route=%2Fwp%2Fv2%2Fmedia&parent=8192"}],"wp:term":[{"taxonomy":"category","embeddable":true,"href":"https:\/\/eva.sundstrom.st\/index.php?rest_route=%2Fwp%2Fv2%2Fcategories&post=8192"},{"taxonomy":"post_tag","embeddable":true,"href":"https:\/\/eva.sundstrom.st\/index.php?rest_route=%2Fwp%2Fv2%2Ftags&post=8192"}],"curies":[{"name":"wp","href":"https:\/\/api.w.org\/{rel}","templated":true}]}}