{"id":8198,"date":"2021-04-14T14:20:50","date_gmt":"2021-04-14T13:20:50","guid":{"rendered":"http:\/\/www.eva.sundstrom.st\/?p=8198"},"modified":"2021-04-14T14:20:50","modified_gmt":"2021-04-14T13:20:50","slug":"vaccination-i-sikte","status":"publish","type":"post","link":"https:\/\/eva.sundstrom.st\/?p=8198","title":{"rendered":"Vaccination i sikte!"},"content":{"rendered":"<p>S\u00e5 s\u00e4nktes d\u00e5 \u00e5ldern till 65 \u00e5r och \u00e4ldre, f\u00f6r covid vaccination. P\u00e5 torsdag den 15\/4 fick vi tid.<\/p>\n<p>Bygget g\u00e5r b\u00e5de fram\u00e5t och bak\u00e5t. B\u00f6rjade se slutet och s\u00e5 s\u00e4ger r\u00f6rdragarn att nej, det d\u00e4r g\u00e5r ju inte. Man ska inte alltid lita p\u00e5 proffsen. Tur denna unga kille drog i bromsen. Nu f\u00e5r vi g\u00f6ra om och s\u00e5 blir det som vi f\u00f6reslog fr\u00e5n b\u00f6rjan!<\/p>\n<p>Ja, ja, ett par m\u00e5naders f\u00f6r f\u00f6rdr\u00f6jning, i v\u00e4ntan p\u00e5 gr\u00e4vare, det blir det ju men vi har ju tak \u00f6ver huvudet, vatten i kranen och mat i frysen! Inget att klaga \u00f6ver n\u00e4r det kommer till kritan.<\/p>\n<p>R\u00e5djuren ansar gr\u00e4smattan!<\/p>\n<p><a href=\"http:\/\/www.eva.sundstrom.st\/wp-content\/upload\/IMG_6644.jpg\"><img loading=\"lazy\" decoding=\"async\" src=\"http:\/\/www.eva.sundstrom.st\/wp-content\/upload\/IMG_6644.jpg\" alt=\"IMG_6644\" width=\"550\" height=\"413\" class=\"aligncenter size-full wp-image-8199\" srcset=\"https:\/\/eva.sundstrom.st\/wp-content\/upload\/IMG_6644.jpg 550w, https:\/\/eva.sundstrom.st\/wp-content\/upload\/IMG_6644-300x225.jpg 300w\" sizes=\"auto, (max-width: 550px) 100vw, 550px\" \/><\/a><\/p>\n<p>Det \u00e4r s\u00e5dant som h\u00e4nder.<\/p>\n<p>Bakade glutenfritt b\u00e5de sm\u00f6rg\u00e5sbr\u00f6d och godsaker, b\u00e4sta att passa p\u00e5 n\u00e4r lusten infinner sig.<\/p>\n\n\t\t<style type=\"text\/css\">\n\t\t\t#gallery-1 {\n\t\t\t\tmargin: auto;\n\t\t\t}\n\t\t\t#gallery-1 .gallery-item {\n\t\t\t\tfloat: left;\n\t\t\t\tmargin-top: 10px;\n\t\t\t\ttext-align: center;\n\t\t\t\twidth: 33%;\n\t\t\t}\n\t\t\t#gallery-1 img {\n\t\t\t\tborder: 2px solid #cfcfcf;\n\t\t\t}\n\t\t\t#gallery-1 .gallery-caption {\n\t\t\t\tmargin-left: 0;\n\t\t\t}\n\t\t\t\/* see gallery_shortcode() in wp-includes\/media.php *\/\n\t\t<\/style>\n\t\t<div id='gallery-1' class='gallery galleryid-8198 gallery-columns-3 gallery-size-thumbnail'><dl class='gallery-item'>\n\t\t\t<dt class='gallery-icon landscape'>\n\t\t\t\t<a href='https:\/\/eva.sundstrom.st\/?attachment_id=8201'><img loading=\"lazy\" decoding=\"async\" width=\"150\" height=\"150\" src=\"https:\/\/eva.sundstrom.st\/wp-content\/upload\/IMG_6654-150x150.jpg\" class=\"attachment-thumbnail size-thumbnail\" alt=\"\" \/><\/a>\n\t\t\t<\/dt><\/dl><dl class='gallery-item'>\n\t\t\t<dt class='gallery-icon landscape'>\n\t\t\t\t<a href='https:\/\/eva.sundstrom.st\/?attachment_id=8202'><img loading=\"lazy\" decoding=\"async\" width=\"150\" height=\"150\" src=\"https:\/\/eva.sundstrom.st\/wp-content\/upload\/IMG_6657-150x150.jpg\" class=\"attachment-thumbnail size-thumbnail\" alt=\"\" \/><\/a>\n\t\t\t<\/dt><\/dl>\n\t\t\t<br style='clear: both' \/>\n\t\t<\/div>\n\n<p>I s\u00f6ndags kv\u00e4ll vr\u00e4kte sn\u00f6n ner. Syns kanske inte p\u00e5 denna bild men jag k\u00e4nde mig lite sp\u00f6klik!<\/p>\n<p><a href=\"http:\/\/www.eva.sundstrom.st\/wp-content\/upload\/IMG_6649.jpg\"><img loading=\"lazy\" decoding=\"async\" src=\"http:\/\/www.eva.sundstrom.st\/wp-content\/upload\/IMG_6649.jpg\" alt=\"IMG_6649\" width=\"417\" height=\"413\" class=\"aligncenter size-full wp-image-8200\" srcset=\"https:\/\/eva.sundstrom.st\/wp-content\/upload\/IMG_6649.jpg 417w, https:\/\/eva.sundstrom.st\/wp-content\/upload\/IMG_6649-150x150.jpg 150w, https:\/\/eva.sundstrom.st\/wp-content\/upload\/IMG_6649-300x297.jpg 300w\" sizes=\"auto, (max-width: 417px) 100vw, 417px\" \/><\/a><\/p>\n<p>Och i dag lyser solen. Var ute en stund och krattade bort torrt och kvistar och l\u00f6v. D\u00e5 slog en ny sockblomma ut i v\u00e5rgr\u00e4set!<\/p>\n<p><a href=\"http:\/\/www.eva.sundstrom.st\/wp-content\/upload\/IMG_6664.jpg\"><img loading=\"lazy\" decoding=\"async\" src=\"http:\/\/www.eva.sundstrom.st\/wp-content\/upload\/IMG_6664.jpg\" alt=\"IMG_6664\" width=\"491\" height=\"413\" class=\"aligncenter size-full wp-image-8203\" srcset=\"https:\/\/eva.sundstrom.st\/wp-content\/upload\/IMG_6664.jpg 491w, https:\/\/eva.sundstrom.st\/wp-content\/upload\/IMG_6664-300x252.jpg 300w\" sizes=\"auto, (max-width: 491px) 100vw, 491px\" \/><\/a><\/p>\n<p>Ha en fin eftermiddag go v\u00e4nner!<\/p>\n","protected":false},"excerpt":{"rendered":"<p>S\u00e5 s\u00e4nktes d\u00e5 \u00e5ldern till 65 \u00e5r och \u00e4ldre, f\u00f6r covid vaccination. P\u00e5 torsdag den 15\/4 fick vi tid. Bygget g\u00e5r b\u00e5de fram\u00e5t och bak\u00e5t. B\u00f6rjade se slutet och s\u00e5 s\u00e4ger r\u00f6rdragarn att nej, det d\u00e4r g\u00e5r ju inte. Man ska inte alltid lita p\u00e5 proffsen. Tur denna unga kille drog i bromsen. Nu f\u00e5r [&hellip;]<\/p>\n","protected":false},"author":1,"featured_media":0,"comment_status":"open","ping_status":"open","sticky":false,"template":"","format":"standard","meta":{"footnotes":""},"categories":[13,9],"tags":[],"class_list":["post-8198","post","type-post","status-publish","format-standard","hentry","category-hantverk","category-livet"],"_links":{"self":[{"href":"https:\/\/eva.sundstrom.st\/index.php?rest_route=\/wp\/v2\/posts\/8198","targetHints":{"allow":["GET"]}}],"collection":[{"href":"https:\/\/eva.sundstrom.st\/index.php?rest_route=\/wp\/v2\/posts"}],"about":[{"href":"https:\/\/eva.sundstrom.st\/index.php?rest_route=\/wp\/v2\/types\/post"}],"author":[{"embeddable":true,"href":"https:\/\/eva.sundstrom.st\/index.php?rest_route=\/wp\/v2\/users\/1"}],"replies":[{"embeddable":true,"href":"https:\/\/eva.sundstrom.st\/index.php?rest_route=%2Fwp%2Fv2%2Fcomments&post=8198"}],"version-history":[{"count":3,"href":"https:\/\/eva.sundstrom.st\/index.php?rest_route=\/wp\/v2\/posts\/8198\/revisions"}],"predecessor-version":[{"id":8206,"href":"https:\/\/eva.sundstrom.st\/index.php?rest_route=\/wp\/v2\/posts\/8198\/revisions\/8206"}],"wp:attachment":[{"href":"https:\/\/eva.sundstrom.st\/index.php?rest_route=%2Fwp%2Fv2%2Fmedia&parent=8198"}],"wp:term":[{"taxonomy":"category","embeddable":true,"href":"https:\/\/eva.sundstrom.st\/index.php?rest_route=%2Fwp%2Fv2%2Fcategories&post=8198"},{"taxonomy":"post_tag","embeddable":true,"href":"https:\/\/eva.sundstrom.st\/index.php?rest_route=%2Fwp%2Fv2%2Ftags&post=8198"}],"curies":[{"name":"wp","href":"https:\/\/api.w.org\/{rel}","templated":true}]}}