{"id":82,"date":"2007-07-06T20:00:19","date_gmt":"2007-07-06T19:00:19","guid":{"rendered":"http:\/\/www.eva.sundstrom.st\/?p=82"},"modified":"2007-07-19T10:22:20","modified_gmt":"2007-07-19T09:22:20","slug":"antligen-en-ledig-dag","status":"publish","type":"post","link":"https:\/\/eva.sundstrom.st\/?p=82","title":{"rendered":""},"content":{"rendered":"<p>En sak i livet som jag uppskattar mycke \u00e4r att ingenting tvingar mig att jobba heltid.<br \/>\nDenna veckan har jag jobbat fyra dagturer i rad. Det \u00e4r inte min grej helt enkelt.<br \/>\nSk\u00f6nt att det var en eng\u00e5ngs h\u00e4ndelse och inte n\u00e5got som \u00e5terkommer hela tiden. <\/p>\n<p>Ledig dag var det \u00e4ven f\u00f6r min kollega B. Tillsammans \u00e5kte vi till den n\u00e4rbel\u00e4gna sm\u00e5staden Askersud. Vi var bara lediga och gick runt och kikade p\u00e5 lite av varje. Vi fikade p\u00e5 <\/p>\n<p><a href='http:\/\/www.eva.sundstrom.st\/wp-content\/upload\/p7060001.jpg' title='p7060001.jpg'><img src='http:\/\/www.eva.sundstrom.st\/wp-content\/upload\/p7060001.tumnagel.jpg' alt='p7060001.jpg' \/><\/a><\/p>\n<p>Man kunde sitta ute p\u00e5 baksidan och d\u00e4r nj\u00f6t vi av kaffe, kaka och SOL!<\/p>\n<p>Nettans garn &#038; Annorlunda ting fick ocks\u00e5 ett bes\u00f6k.<\/p>\n<p><a href='http:\/\/www.eva.sundstrom.st\/wp-content\/upload\/p7060015.jpg' title='p7060015.jpg'><img src='http:\/\/www.eva.sundstrom.st\/wp-content\/upload\/p7060015.jpg' alt='p7060015.jpg' \/><\/a><\/p>\n<p>Garnf\u00f6r\u00e5det fylldes p\u00e5 f\u00f6rst\u00e5ss&#8230;&#8230;&#8230;<\/p>\n<p><a href='http:\/\/www.eva.sundstrom.st\/wp-content\/upload\/p7060014.jpg' title='p7060014.jpg'><img src='http:\/\/www.eva.sundstrom.st\/wp-content\/upload\/p7060014.tumnagel.jpg' alt='p7060014.jpg' \/><\/a>  . . . . .                                  .<a href='http:\/\/www.eva.sundstrom.st\/wp-content\/upload\/p7060013.jpg' title='p7060013.jpg'><img src='http:\/\/www.eva.sundstrom.st\/wp-content\/upload\/p7060013.tumnagel.jpg' alt='p7060013.jpg' \/><\/a><br \/>\nD\u00e4r finns f\u00f6rutom garn fina sm\u00e5 knappar, stenar, smycken och en massa annat sm\u00e5tt och gott.<\/p>\n<p>Sedan fortsatte f\u00e4rden till Granng\u00e5rden d\u00e4r ett nystan sisalgarn inhandlades.<br \/>\nKan h\u00e4nda jag vid senare tillf\u00e4lle avsl\u00f6jar vad jag ska, har t\u00e4ngt, ha det till. Om det lyckas.<\/p>\n<p>D\u00e4rifr\u00e5n var det inte l\u00e5ngt till<\/p>\n<p><a href='http:\/\/www.eva.sundstrom.st\/wp-content\/upload\/p7060025.jpg' title='p7060025.jpg'><img src='http:\/\/www.eva.sundstrom.st\/wp-content\/upload\/p7060025.tumnagel.jpg' alt='p7060025.jpg' \/><\/a><\/p>\n<p> D\u00e4r hoppade dessa blommor, kvickt som \u00f6gat, ner i min kasse.<\/p>\n<p><a href='http:\/\/www.eva.sundstrom.st\/wp-content\/upload\/dsc00372.jpg' title='dsc00372.jpg'><img src='http:\/\/www.eva.sundstrom.st\/wp-content\/upload\/dsc00372.tumnagel.jpg' alt='dsc00372.jpg' \/><\/a><\/p>\n<p>En vit femtunga, en bl\u00e5 och en rosa h\u00f6stlobelia, h\u00f6st\u00f6ga, trebladspira. Och tv\u00e5 som jag inte vet namnet p\u00e5.  Dom f\u00e5r \u00f6vernatta i v\u00e4xthuset i natt.<\/p>\n<p>Om ni vill se mer bilder fr\u00e5n v\u00e5r utflykt kan ni titt in till B <a href=\"http:\/\/alnerud.tradgardsblogg.se\/\"> h\u00e4r.<\/a><\/p>\n<p>P\u00c5 eftermiddagarna n\u00e4r jag kommit hem fr\u00e5n jobbet har jag f\u00f6rs\u00f6kt att ta en sv\u00e4ng runt g\u00e5rden. Dom envisa regnskurarna som ideligen sl\u00e5r till kan vem som helst bli lessen av. Se bara p\u00e5 den fina daggkopan.<\/p>\n<p><a href='http:\/\/www.eva.sundstrom.st\/wp-content\/upload\/dsc00356.jpg' title='dsc00356.jpg'><img src='http:\/\/www.eva.sundstrom.st\/wp-content\/upload\/dsc00356.tumnagel.jpg' alt='dsc00356.jpg' \/><\/a><\/p>\n<p>Riddarsporrarna trottsar regnet och sl\u00e5r ut. b\u00e5de den vita och den bl\u00e5. Likas\u00e5 den brandgula dagliljan.<\/p>\n<p><a href='http:\/\/www.eva.sundstrom.st\/wp-content\/upload\/dsc00363.jpg' title='dsc00363.jpg'><img src='http:\/\/www.eva.sundstrom.st\/wp-content\/upload\/dsc00363.tumnagel.jpg' alt='dsc00363.jpg' \/><\/a><\/p>\n<p><a href='http:\/\/www.eva.sundstrom.st\/wp-content\/upload\/dsc00359.jpg' title='dsc00359.jpg'><img src='http:\/\/www.eva.sundstrom.st\/wp-content\/upload\/dsc00359.tumnagel.jpg' alt='dsc00359.jpg' \/><\/a><\/p>\n<p><a href='http:\/\/www.eva.sundstrom.st\/wp-content\/upload\/dsc00357.jpg' title='dsc00357.jpg'><img src='http:\/\/www.eva.sundstrom.st\/wp-content\/upload\/dsc00357.tumnagel.jpg' alt='dsc00357.jpg' \/><\/a><\/p>\n<p>Det var allt f\u00f6r i dag. God natt.<\/p>\n","protected":false},"excerpt":{"rendered":"<p>En sak i livet som jag uppskattar mycke \u00e4r att ingenting tvingar mig att jobba heltid. Denna veckan har jag jobbat fyra dagturer i rad. Det \u00e4r inte min grej helt enkelt. Sk\u00f6nt att det var en eng\u00e5ngs h\u00e4ndelse och inte n\u00e5got som \u00e5terkommer hela tiden. Ledig dag var det \u00e4ven f\u00f6r min kollega B. [&hellip;]<\/p>\n","protected":false},"author":1,"featured_media":0,"comment_status":"open","ping_status":"open","sticky":false,"template":"","format":"standard","meta":{"footnotes":""},"categories":[1],"tags":[],"class_list":["post-82","post","type-post","status-publish","format-standard","hentry","category-uncategorized"],"_links":{"self":[{"href":"https:\/\/eva.sundstrom.st\/index.php?rest_route=\/wp\/v2\/posts\/82","targetHints":{"allow":["GET"]}}],"collection":[{"href":"https:\/\/eva.sundstrom.st\/index.php?rest_route=\/wp\/v2\/posts"}],"about":[{"href":"https:\/\/eva.sundstrom.st\/index.php?rest_route=\/wp\/v2\/types\/post"}],"author":[{"embeddable":true,"href":"https:\/\/eva.sundstrom.st\/index.php?rest_route=\/wp\/v2\/users\/1"}],"replies":[{"embeddable":true,"href":"https:\/\/eva.sundstrom.st\/index.php?rest_route=%2Fwp%2Fv2%2Fcomments&post=82"}],"version-history":[{"count":0,"href":"https:\/\/eva.sundstrom.st\/index.php?rest_route=\/wp\/v2\/posts\/82\/revisions"}],"wp:attachment":[{"href":"https:\/\/eva.sundstrom.st\/index.php?rest_route=%2Fwp%2Fv2%2Fmedia&parent=82"}],"wp:term":[{"taxonomy":"category","embeddable":true,"href":"https:\/\/eva.sundstrom.st\/index.php?rest_route=%2Fwp%2Fv2%2Fcategories&post=82"},{"taxonomy":"post_tag","embeddable":true,"href":"https:\/\/eva.sundstrom.st\/index.php?rest_route=%2Fwp%2Fv2%2Ftags&post=82"}],"curies":[{"name":"wp","href":"https:\/\/api.w.org\/{rel}","templated":true}]}}