{"id":8231,"date":"2021-05-05T07:32:38","date_gmt":"2021-05-05T06:32:38","guid":{"rendered":"http:\/\/www.eva.sundstrom.st\/?p=8231"},"modified":"2021-05-06T20:14:22","modified_gmt":"2021-05-06T19:14:22","slug":"tiden-rusar","status":"publish","type":"post","link":"https:\/\/eva.sundstrom.st\/?p=8231","title":{"rendered":"Tiden rusar!"},"content":{"rendered":"<p>Fast jag tycker att jag ingeting g\u00f6r f\u00f6rsvinner dagarna med rasande fart!<br \/>\nF\u00f6rsta sprutan har vi f\u00e5tt och det k\u00e4nns bra. Dagen efter blev jag frusen, tr\u00f6tt och hade ont i kroppen men n\u00e4sta dag var allt som vanligt. <\/p>\n<p>Har flyttat ut sm\u00e5 tomatplantor i v\u00e4xthuset med frostvakt. V\u00e4ntar p\u00e5 att elektrikern ska s\u00e4tt upp en ny elkontakt d\u00e4r ute. Vill inte fylla upp hela v\u00e4xthuset innan det \u00e4r klart. Har n\u00e5gra (3 f\u00f6r m\u00e5nga) gurkplantor i f\u00f6nstret h\u00e4r inne och dom v\u00e4xer s\u00e5 det knakar. <\/p>\n<p>Stickar g\u00f6r jag v\u00e4l lite mellan varven. D\u00e5 finns det tid att l\u00e5te tankarna fara.<br \/>\nT\u00e4nk om jag kom p\u00e5 projekt att anv\u00e4nda g\u00f6mmegarnet till.<br \/>\nT\u00e4nk om jag kunde sticka upp s\u00e5 mycket garn att jag kunde t\u00f6mma n\u00e5gra l\u00e5dor.<br \/>\nEn varm dag ska jag verkligen st\u00e4da ut efter all v\u00e4vning under vintern. S\u00e4tta upp ny v\u00e4v och v\u00e4va upp en massa trasor s\u00e5 det blir plats p\u00e5 hyllorna<br \/>\n&#8230;&#8230;..<\/p>\n<p>Ja ja. <\/p>\n<p>\u00c4r i alla fall tacksam att jag har det jag har i dessa tider. Det finns saker att g\u00f6ra. Det finns frisk luft och stora skogar f\u00f6r rekreation. Bara bj\u00f6rkarna slutar sprida sitt pollen s\u00e5 slutar nog \u00f6gonen klia ocks\u00e5. Det \u00e4r ju som tur \u00e4r \u00f6verg\u00e5ende.<\/p>\n<p>Friskt var det vid stranden h\u00e4rom kv\u00e4llen<\/p>\n<p><a href=\"http:\/\/www.eva.sundstrom.st\/wp-content\/upload\/IMG_6828.jpg\"><img loading=\"lazy\" decoding=\"async\" src=\"http:\/\/www.eva.sundstrom.st\/wp-content\/upload\/IMG_6828.jpg\" alt=\"IMG_6828\" width=\"500\" height=\"375\" class=\"aligncenter size-full wp-image-8232\" srcset=\"https:\/\/eva.sundstrom.st\/wp-content\/upload\/IMG_6828.jpg 500w, https:\/\/eva.sundstrom.st\/wp-content\/upload\/IMG_6828-300x225.jpg 300w\" sizes=\"auto, (max-width: 500px) 100vw, 500px\" \/><\/a><\/p>\n<p>I dag faller regnet. Bra f\u00f6r marken och v\u00e4xterna, Sedan kommer nog v\u00e4rmen.<br \/>\nHa det gott!<\/p>\n","protected":false},"excerpt":{"rendered":"<p>Fast jag tycker att jag ingeting g\u00f6r f\u00f6rsvinner dagarna med rasande fart! F\u00f6rsta sprutan har vi f\u00e5tt och det k\u00e4nns bra. Dagen efter blev jag frusen, tr\u00f6tt och hade ont i kroppen men n\u00e4sta dag var allt som vanligt. Har flyttat ut sm\u00e5 tomatplantor i v\u00e4xthuset med frostvakt. V\u00e4ntar p\u00e5 att elektrikern ska s\u00e4tt upp [&hellip;]<\/p>\n","protected":false},"author":1,"featured_media":0,"comment_status":"open","ping_status":"open","sticky":false,"template":"","format":"standard","meta":{"footnotes":""},"categories":[9],"tags":[],"class_list":["post-8231","post","type-post","status-publish","format-standard","hentry","category-livet"],"_links":{"self":[{"href":"https:\/\/eva.sundstrom.st\/index.php?rest_route=\/wp\/v2\/posts\/8231","targetHints":{"allow":["GET"]}}],"collection":[{"href":"https:\/\/eva.sundstrom.st\/index.php?rest_route=\/wp\/v2\/posts"}],"about":[{"href":"https:\/\/eva.sundstrom.st\/index.php?rest_route=\/wp\/v2\/types\/post"}],"author":[{"embeddable":true,"href":"https:\/\/eva.sundstrom.st\/index.php?rest_route=\/wp\/v2\/users\/1"}],"replies":[{"embeddable":true,"href":"https:\/\/eva.sundstrom.st\/index.php?rest_route=%2Fwp%2Fv2%2Fcomments&post=8231"}],"version-history":[{"count":4,"href":"https:\/\/eva.sundstrom.st\/index.php?rest_route=\/wp\/v2\/posts\/8231\/revisions"}],"predecessor-version":[{"id":8237,"href":"https:\/\/eva.sundstrom.st\/index.php?rest_route=\/wp\/v2\/posts\/8231\/revisions\/8237"}],"wp:attachment":[{"href":"https:\/\/eva.sundstrom.st\/index.php?rest_route=%2Fwp%2Fv2%2Fmedia&parent=8231"}],"wp:term":[{"taxonomy":"category","embeddable":true,"href":"https:\/\/eva.sundstrom.st\/index.php?rest_route=%2Fwp%2Fv2%2Fcategories&post=8231"},{"taxonomy":"post_tag","embeddable":true,"href":"https:\/\/eva.sundstrom.st\/index.php?rest_route=%2Fwp%2Fv2%2Ftags&post=8231"}],"curies":[{"name":"wp","href":"https:\/\/api.w.org\/{rel}","templated":true}]}}