{"id":8256,"date":"2021-06-07T17:33:01","date_gmt":"2021-06-07T16:33:01","guid":{"rendered":"http:\/\/www.eva.sundstrom.st\/?p=8256"},"modified":"2021-06-07T17:33:01","modified_gmt":"2021-06-07T16:33:01","slug":"sommar","status":"publish","type":"post","link":"https:\/\/eva.sundstrom.st\/?p=8256","title":{"rendered":"Sommar!"},"content":{"rendered":"<p>Nu har vi haft sommar sedan mors dag!<br \/>\nD\u00e5 hade vi ett trevligt litet utelunchkalas i skuggan av huset.<br \/>\nSedan kom f\u00f6rsta juni. En vacker och varm dag, dessutom en tisdag, precis som d\u00e5. D\u00e5 n\u00e4r hon f\u00f6ddes.<br \/>\nV\u00e5rt f\u00f6rsta barn och enda dotter. <\/p>\n<p>Tycker inte det var s\u00e5 l\u00e4ngesedan, minns det ju s\u00e5 v\u00e4l!<br \/>\nI l\u00f6rdags var vi p\u00e5 45-\u00e5rs kalas!<\/p>\n<p><a href=\"http:\/\/www.eva.sundstrom.st\/wp-content\/upload\/IMG_6956.jpg\"><img loading=\"lazy\" decoding=\"async\" src=\"http:\/\/www.eva.sundstrom.st\/wp-content\/upload\/IMG_6956.jpg\" alt=\"IMG_6956\" width=\"550\" height=\"413\" class=\"aligncenter size-full wp-image-8258\" srcset=\"https:\/\/eva.sundstrom.st\/wp-content\/upload\/IMG_6956.jpg 550w, https:\/\/eva.sundstrom.st\/wp-content\/upload\/IMG_6956-300x225.jpg 300w\" sizes=\"auto, (max-width: 550px) 100vw, 550px\" \/><\/a><\/p>\n<p>Det vackra v\u00e4dret hj\u00e4lpte oss s\u00e5 flera ur familjen kunde tr\u00e4ffas. Utekalas b\u00f6rjar vi bli vana vid nu!<\/p>\n<p>Hem fr\u00e5n Sm\u00e5land tog vi v\u00e4gen \u00f6ver Hjo. Det \u00e4r b\u00e5de lugnare tempo  och vackrare utsikt j\u00e4mf\u00f6rt med E20.<\/p>\n<p><a href=\"http:\/\/www.eva.sundstrom.st\/wp-content\/upload\/IMG_6961.jpg\"><img loading=\"lazy\" decoding=\"async\" src=\"http:\/\/www.eva.sundstrom.st\/wp-content\/upload\/IMG_6961.jpg\" alt=\"IMG_6961\" width=\"550\" height=\"413\" class=\"aligncenter size-full wp-image-8259\" srcset=\"https:\/\/eva.sundstrom.st\/wp-content\/upload\/IMG_6961.jpg 550w, https:\/\/eva.sundstrom.st\/wp-content\/upload\/IMG_6961-300x225.jpg 300w\" sizes=\"auto, (max-width: 550px) 100vw, 550px\" \/><\/a><\/p>\n<p><a href=\"http:\/\/www.eva.sundstrom.st\/wp-content\/upload\/IMG_6962.jpg\"><img loading=\"lazy\" decoding=\"async\" src=\"http:\/\/www.eva.sundstrom.st\/wp-content\/upload\/IMG_6962.jpg\" alt=\"IMG_6962\" width=\"550\" height=\"413\" class=\"aligncenter size-full wp-image-8260\" srcset=\"https:\/\/eva.sundstrom.st\/wp-content\/upload\/IMG_6962.jpg 550w, https:\/\/eva.sundstrom.st\/wp-content\/upload\/IMG_6962-300x225.jpg 300w\" sizes=\"auto, (max-width: 550px) 100vw, 550px\" \/><\/a><\/p>\n<p>P\u00e5 det en fin nationaldag n\u00e4r vi mest tog igen oss och sm\u00e4lte alla goa intryck fr\u00e5n l\u00f6rdagen.<\/p>\n<p><a href=\"http:\/\/www.eva.sundstrom.st\/wp-content\/upload\/IMG_6968.jpg\"><img loading=\"lazy\" decoding=\"async\" src=\"http:\/\/www.eva.sundstrom.st\/wp-content\/upload\/IMG_6968.jpg\" alt=\"IMG_6968\" width=\"341\" height=\"413\" class=\"aligncenter size-full wp-image-8262\" srcset=\"https:\/\/eva.sundstrom.st\/wp-content\/upload\/IMG_6968.jpg 341w, https:\/\/eva.sundstrom.st\/wp-content\/upload\/IMG_6968-247x300.jpg 247w\" sizes=\"auto, (max-width: 341px) 100vw, 341px\" \/><\/a><\/p>\n<p>S\u00e5 blev det m\u00e5ndag och dagen har \u00e4gnats \u00e5t tv\u00e4tt och tr\u00e4dg\u00e5rd.<\/p>\n<p>Pionen fr\u00e5n mors tr\u00e4dg\u00e5rd har slagit ut<\/p>\n<p><a href=\"http:\/\/www.eva.sundstrom.st\/wp-content\/upload\/IMG_6970.jpg\"><img loading=\"lazy\" decoding=\"async\" src=\"http:\/\/www.eva.sundstrom.st\/wp-content\/upload\/IMG_6970.jpg\" alt=\"IMG_6970\" width=\"392\" height=\"413\" class=\"aligncenter size-full wp-image-8263\" srcset=\"https:\/\/eva.sundstrom.st\/wp-content\/upload\/IMG_6970.jpg 392w, https:\/\/eva.sundstrom.st\/wp-content\/upload\/IMG_6970-284x300.jpg 284w\" sizes=\"auto, (max-width: 392px) 100vw, 392px\" \/><\/a><\/p>\n<p>\u00c4ven en \u00f6verblommad Gullt\u00f6rel \u00e4r vacker p\u00e5 sitt s\u00e4tt<\/p>\n<p><a href=\"http:\/\/www.eva.sundstrom.st\/wp-content\/upload\/IMG_6973.jpg\"><img loading=\"lazy\" decoding=\"async\" src=\"http:\/\/www.eva.sundstrom.st\/wp-content\/upload\/IMG_6973.jpg\" alt=\"IMG_6973\" width=\"550\" height=\"413\" class=\"aligncenter size-full wp-image-8265\" srcset=\"https:\/\/eva.sundstrom.st\/wp-content\/upload\/IMG_6973.jpg 550w, https:\/\/eva.sundstrom.st\/wp-content\/upload\/IMG_6973-300x225.jpg 300w\" sizes=\"auto, (max-width: 550px) 100vw, 550px\" \/><\/a><\/p>\n<p>Alunrot och humleblomster blommar! <\/p>\n<p><a href=\"http:\/\/www.eva.sundstrom.st\/wp-content\/upload\/IMG_6972.jpg\"><img loading=\"lazy\" decoding=\"async\" src=\"http:\/\/www.eva.sundstrom.st\/wp-content\/upload\/IMG_6972.jpg\" alt=\"IMG_6972\" width=\"331\" height=\"413\" class=\"aligncenter size-full wp-image-8264\" srcset=\"https:\/\/eva.sundstrom.st\/wp-content\/upload\/IMG_6972.jpg 331w, https:\/\/eva.sundstrom.st\/wp-content\/upload\/IMG_6972-240x300.jpg 240w\" sizes=\"auto, (max-width: 331px) 100vw, 331px\" \/><\/a><\/p>\n<p><a href=\"http:\/\/www.eva.sundstrom.st\/wp-content\/upload\/IMG_6976.jpg\"><img loading=\"lazy\" decoding=\"async\" src=\"http:\/\/www.eva.sundstrom.st\/wp-content\/upload\/IMG_6976.jpg\" alt=\"IMG_6976\" width=\"550\" height=\"413\" class=\"aligncenter size-full wp-image-8267\" srcset=\"https:\/\/eva.sundstrom.st\/wp-content\/upload\/IMG_6976.jpg 550w, https:\/\/eva.sundstrom.st\/wp-content\/upload\/IMG_6976-300x225.jpg 300w\" sizes=\"auto, (max-width: 550px) 100vw, 550px\" \/><\/a><\/p>\n<p>\u00c4nnu och d\u00e5 har fresiarosen klarat sig fr\u00e5n larver och knoppas fint<\/p>\n<p><a href=\"http:\/\/www.eva.sundstrom.st\/wp-content\/upload\/IMG_6975.jpg\"><img loading=\"lazy\" decoding=\"async\" src=\"http:\/\/www.eva.sundstrom.st\/wp-content\/upload\/IMG_6975.jpg\" alt=\"IMG_6975\" width=\"370\" height=\"411\" class=\"aligncenter size-full wp-image-8266\" srcset=\"https:\/\/eva.sundstrom.st\/wp-content\/upload\/IMG_6975.jpg 370w, https:\/\/eva.sundstrom.st\/wp-content\/upload\/IMG_6975-270x300.jpg 270w\" sizes=\"auto, (max-width: 370px) 100vw, 370px\" \/><\/a><\/p>\n<p>Testar gr\u00f6nk\u00e5l i \u00e5r! Helt nytt f\u00f6r mig.<br \/>\nSocker\u00e4rtor, dill, mor\u00f6tter, r\u00f6dbetor och en rad palsternackor tr\u00e4ngs ocks\u00e5 i pallkrage!<\/p>\n<p><a href=\"http:\/\/www.eva.sundstrom.st\/wp-content\/upload\/IMG_6977.jpg\"><img loading=\"lazy\" decoding=\"async\" src=\"http:\/\/www.eva.sundstrom.st\/wp-content\/upload\/IMG_6977.jpg\" alt=\"IMG_6977\" width=\"550\" height=\"413\" class=\"aligncenter size-full wp-image-8268\" srcset=\"https:\/\/eva.sundstrom.st\/wp-content\/upload\/IMG_6977.jpg 550w, https:\/\/eva.sundstrom.st\/wp-content\/upload\/IMG_6977-300x225.jpg 300w\" sizes=\"auto, (max-width: 550px) 100vw, 550px\" \/><\/a><\/p>\n<p>Mellan varven har jag virkat, h\u00e4r bild p\u00e5 en av dom, sm\u00e5 dukar att l\u00e4gga under blomkrukor i f\u00f6nstret!<\/p>\n<p><a href=\"http:\/\/www.eva.sundstrom.st\/wp-content\/upload\/IMG_6964.jpg\"><img loading=\"lazy\" decoding=\"async\" src=\"http:\/\/www.eva.sundstrom.st\/wp-content\/upload\/IMG_6964.jpg\" alt=\"IMG_6964\" width=\"424\" height=\"413\" class=\"aligncenter size-full wp-image-8261\" srcset=\"https:\/\/eva.sundstrom.st\/wp-content\/upload\/IMG_6964.jpg 424w, https:\/\/eva.sundstrom.st\/wp-content\/upload\/IMG_6964-300x292.jpg 300w\" sizes=\"auto, (max-width: 424px) 100vw, 424px\" \/><\/a><\/p>\n","protected":false},"excerpt":{"rendered":"<p>Nu har vi haft sommar sedan mors dag! D\u00e5 hade vi ett trevligt litet utelunchkalas i skuggan av huset. Sedan kom f\u00f6rsta juni. En vacker och varm dag, dessutom en tisdag, precis som d\u00e5. D\u00e5 n\u00e4r hon f\u00f6ddes. V\u00e5rt f\u00f6rsta barn och enda dotter. Tycker inte det var s\u00e5 l\u00e4ngesedan, minns det ju s\u00e5 v\u00e4l! [&hellip;]<\/p>\n","protected":false},"author":1,"featured_media":0,"comment_status":"open","ping_status":"open","sticky":false,"template":"","format":"standard","meta":{"footnotes":""},"categories":[4,13,9,12],"tags":[],"class_list":["post-8256","post","type-post","status-publish","format-standard","hentry","category-allmant","category-hantverk","category-livet","category-tradgard"],"_links":{"self":[{"href":"https:\/\/eva.sundstrom.st\/index.php?rest_route=\/wp\/v2\/posts\/8256","targetHints":{"allow":["GET"]}}],"collection":[{"href":"https:\/\/eva.sundstrom.st\/index.php?rest_route=\/wp\/v2\/posts"}],"about":[{"href":"https:\/\/eva.sundstrom.st\/index.php?rest_route=\/wp\/v2\/types\/post"}],"author":[{"embeddable":true,"href":"https:\/\/eva.sundstrom.st\/index.php?rest_route=\/wp\/v2\/users\/1"}],"replies":[{"embeddable":true,"href":"https:\/\/eva.sundstrom.st\/index.php?rest_route=%2Fwp%2Fv2%2Fcomments&post=8256"}],"version-history":[{"count":8,"href":"https:\/\/eva.sundstrom.st\/index.php?rest_route=\/wp\/v2\/posts\/8256\/revisions"}],"predecessor-version":[{"id":8276,"href":"https:\/\/eva.sundstrom.st\/index.php?rest_route=\/wp\/v2\/posts\/8256\/revisions\/8276"}],"wp:attachment":[{"href":"https:\/\/eva.sundstrom.st\/index.php?rest_route=%2Fwp%2Fv2%2Fmedia&parent=8256"}],"wp:term":[{"taxonomy":"category","embeddable":true,"href":"https:\/\/eva.sundstrom.st\/index.php?rest_route=%2Fwp%2Fv2%2Fcategories&post=8256"},{"taxonomy":"post_tag","embeddable":true,"href":"https:\/\/eva.sundstrom.st\/index.php?rest_route=%2Fwp%2Fv2%2Ftags&post=8256"}],"curies":[{"name":"wp","href":"https:\/\/api.w.org\/{rel}","templated":true}]}}