{"id":875,"date":"2008-12-06T17:53:14","date_gmt":"2008-12-06T16:53:14","guid":{"rendered":"http:\/\/www.eva.sundstrom.st\/?p=875"},"modified":"2008-12-06T17:53:14","modified_gmt":"2008-12-06T16:53:14","slug":"iskalla","status":"publish","type":"post","link":"https:\/\/eva.sundstrom.st\/?p=875","title":{"rendered":"Iskalla"},"content":{"rendered":"<p><a href='http:\/\/www.eva.sundstrom.st\/wp-content\/upload\/dsc03682.jpg' title='dsc03682.jpg'><img src='http:\/\/www.eva.sundstrom.st\/wp-content\/upload\/dsc03682.jpg' alt='dsc03682.jpg' \/><\/a> <\/p>\n<p>                                    f\u00f6nsterdekorationer  <\/p>\n<blockquote><p><a href='http:\/\/www.eva.sundstrom.st\/wp-content\/upload\/dsc03687.jpg' title='dsc03687.jpg'><img src='http:\/\/www.eva.sundstrom.st\/wp-content\/upload\/dsc03687.jpg' alt='dsc03687.jpg' \/><\/a><\/strong><\/p>\n<p>Visst \u00e4r dom vackra!<\/p>\n<p>Det \u00e4r n\u00e5gon vecka sedan jag tog kort p\u00e5 dessa isrosor  men nu kommer dom v\u00e4l till pass.<\/p>\n<p>Tog kort p\u00e5 amaryllisarna som \u00e4r p\u00e5 g\u00e5ng. Knopparna lovar gott och jag ville dela med mig och \u00f6nska alla en fin s\u00f6ndag.<\/p>\n<p>Inte vet jag  vad jag har gjort men strulat till fotoprogrammet har jag nog \u00e4nd\u00e5 lyckats med.<br \/>\nN\u00e4r jag ska fixa till korten funkar ingenting som jag vill.<\/p>\n<p>\u00c4r v\u00e4ll n\u00e5gon enkel inst\u00e4llning som jag inte kommer p\u00e5 s\u00e5 det blir inga bilder p\u00e5 amaryllisknoppar.<\/p>\n<p>Satte ihop en bordsdekoration som jag blev ganska n\u00f6jd med men p\u00e5 bild sa den inte mycket men ni f\u00e5r den i alla fall.<\/p>\n<p><a href='http:\/\/www.eva.sundstrom.st\/wp-content\/upload\/dsc03747.jpg' title='dsc03747.jpg'><img src='http:\/\/www.eva.sundstrom.st\/wp-content\/upload\/dsc03747.jpg' alt='dsc03747.jpg' \/><\/a>  <\/p>\n<p>Tur att yngste sonen kommer hem till helgen. D\u00e5 kan han s\u00e4kert r\u00e4tta till mina tabbar.<\/p>\n<p>I kv\u00e4ll ska jag o gubben till Tallstigskyrkan h\u00e4r i Finner\u00f6dja och se deras julspel, det brukar vara bra och ganska mycket folk. <\/p>\n<p>Ha en fin l\u00f6rdagskv\u00e4ll och en fin andra advent.<\/p>\n","protected":false},"excerpt":{"rendered":"<p>f\u00f6nsterdekorationer Visst \u00e4r dom vackra! Det \u00e4r n\u00e5gon vecka sedan jag tog kort p\u00e5 dessa isrosor men nu kommer dom v\u00e4l till pass. Tog kort p\u00e5 amaryllisarna som \u00e4r p\u00e5 g\u00e5ng. Knopparna lovar gott och jag ville dela med mig och \u00f6nska alla en fin s\u00f6ndag. Inte vet jag vad jag har gjort men strulat [&hellip;]<\/p>\n","protected":false},"author":1,"featured_media":0,"comment_status":"open","ping_status":"open","sticky":false,"template":"","format":"standard","meta":{"footnotes":""},"categories":[1],"tags":[],"class_list":["post-875","post","type-post","status-publish","format-standard","hentry","category-uncategorized"],"_links":{"self":[{"href":"https:\/\/eva.sundstrom.st\/index.php?rest_route=\/wp\/v2\/posts\/875","targetHints":{"allow":["GET"]}}],"collection":[{"href":"https:\/\/eva.sundstrom.st\/index.php?rest_route=\/wp\/v2\/posts"}],"about":[{"href":"https:\/\/eva.sundstrom.st\/index.php?rest_route=\/wp\/v2\/types\/post"}],"author":[{"embeddable":true,"href":"https:\/\/eva.sundstrom.st\/index.php?rest_route=\/wp\/v2\/users\/1"}],"replies":[{"embeddable":true,"href":"https:\/\/eva.sundstrom.st\/index.php?rest_route=%2Fwp%2Fv2%2Fcomments&post=875"}],"version-history":[{"count":0,"href":"https:\/\/eva.sundstrom.st\/index.php?rest_route=\/wp\/v2\/posts\/875\/revisions"}],"wp:attachment":[{"href":"https:\/\/eva.sundstrom.st\/index.php?rest_route=%2Fwp%2Fv2%2Fmedia&parent=875"}],"wp:term":[{"taxonomy":"category","embeddable":true,"href":"https:\/\/eva.sundstrom.st\/index.php?rest_route=%2Fwp%2Fv2%2Fcategories&post=875"},{"taxonomy":"post_tag","embeddable":true,"href":"https:\/\/eva.sundstrom.st\/index.php?rest_route=%2Fwp%2Fv2%2Ftags&post=875"}],"curies":[{"name":"wp","href":"https:\/\/api.w.org\/{rel}","templated":true}]}}