{"id":879,"date":"2008-12-08T17:36:36","date_gmt":"2008-12-08T16:36:36","guid":{"rendered":"http:\/\/www.eva.sundstrom.st\/?p=879"},"modified":"2008-12-08T17:36:37","modified_gmt":"2008-12-08T16:36:37","slug":"tidens-gang-2","status":"publish","type":"post","link":"https:\/\/eva.sundstrom.st\/?p=879","title":{"rendered":"Tidens g"},"content":{"rendered":"<p>Fattar inte riktigt hur det \u00e4r med detta som kallas tid.<\/p>\n<p>Det s\u00e4gs att November m\u00e5nad \u00e4r l\u00e5ng och gr\u00e5.  \ud83d\ude09    Den hann ju knappt b\u00f6rja f\u00f6rr\u00e4n den var slut!<\/p>\n<p>Spelar ingen roll ,om man ut\u00f6var den del av arbete som kallas f\u00f6rv\u00e4rvsarbete och inbringar en liten summa pengar, eller om man sysslar med det arbete som kallas f\u00f6r att vara ledig.<\/p>\n<p>Den d\u00e4r tiden g\u00e5r precis lika fort f\u00f6r det.<\/p>\n<p>N\u00e5got som oteckniska  jag  \u00e4nd\u00e5 k\u00e4nner mig lite stolt \u00f6ver \u00e4r att jag sj\u00e4lv lyckades \u00e4ndra dom konstiga inst\u00e4llningar som hamnat i mitt fotoprogram.<\/p>\n<p>            ( Det kan ju inte vara jag som orsakat detta strul)<\/p>\n<p>Det blev bara en storlek p\u00e5 bilderna och jag kunde inte besk\u00e4ra som jag ville men se nu g\u00e5r det igen s\u00e5 nu f\u00e5r ni se mina amaryllisknoppar.<\/p>\n<p><a href='http:\/\/www.eva.sundstrom.st\/wp-content\/upload\/dsc03768.jpg' title='dsc03768.jpg'><img src='http:\/\/www.eva.sundstrom.st\/wp-content\/upload\/dsc03768.jpg' alt='dsc03768.jpg' \/><\/a><\/p>\n<p>En vanlig r\u00f6d som har b\u00f6rjat sl\u00e5 ut<\/p>\n<p>och s\u00e5 knopp nr tv\u00e5 som ska bli vit.<\/p>\n<p><a href='http:\/\/www.eva.sundstrom.st\/wp-content\/upload\/dsc03763.jpg' title='dsc03763.jpg'><img src='http:\/\/www.eva.sundstrom.st\/wp-content\/upload\/dsc03763.jpg' alt='dsc03763.jpg' \/><\/a><\/p>\n<p>Under resten av veckan ska det hinnas med b\u00e5de yrkesarbeta, bakas lite br\u00f6d till jul och stickas.<br \/>\nHoppas hinna f\u00e5 f\u00e4rdigt ytterligare en sjal.<br \/>\nP\u00e5 L\u00f6rdag \u00e4r det n\u00e4mligen Bygdedag p\u00e5 hembygdsg\u00e5rden h\u00e4r i Finner\u00f6dja och d\u00e4r ska jag var med f\u00f6r tredje \u00e5ret i rad. <\/p>\n<p>Det ska bli roligt.<\/p>\n<p>M\u00e5 gott d\u00e4r ute och ta det lugnt men julst\u00f6ket.<\/p>\n","protected":false},"excerpt":{"rendered":"<p>Fattar inte riktigt hur det \u00e4r med detta som kallas tid. Det s\u00e4gs att November m\u00e5nad \u00e4r l\u00e5ng och gr\u00e5. \ud83d\ude09 Den hann ju knappt b\u00f6rja f\u00f6rr\u00e4n den var slut! Spelar ingen roll ,om man ut\u00f6var den del av arbete som kallas f\u00f6rv\u00e4rvsarbete och inbringar en liten summa pengar, eller om man sysslar med det [&hellip;]<\/p>\n","protected":false},"author":1,"featured_media":0,"comment_status":"open","ping_status":"open","sticky":false,"template":"","format":"standard","meta":{"footnotes":""},"categories":[1],"tags":[],"class_list":["post-879","post","type-post","status-publish","format-standard","hentry","category-uncategorized"],"_links":{"self":[{"href":"https:\/\/eva.sundstrom.st\/index.php?rest_route=\/wp\/v2\/posts\/879","targetHints":{"allow":["GET"]}}],"collection":[{"href":"https:\/\/eva.sundstrom.st\/index.php?rest_route=\/wp\/v2\/posts"}],"about":[{"href":"https:\/\/eva.sundstrom.st\/index.php?rest_route=\/wp\/v2\/types\/post"}],"author":[{"embeddable":true,"href":"https:\/\/eva.sundstrom.st\/index.php?rest_route=\/wp\/v2\/users\/1"}],"replies":[{"embeddable":true,"href":"https:\/\/eva.sundstrom.st\/index.php?rest_route=%2Fwp%2Fv2%2Fcomments&post=879"}],"version-history":[{"count":0,"href":"https:\/\/eva.sundstrom.st\/index.php?rest_route=\/wp\/v2\/posts\/879\/revisions"}],"wp:attachment":[{"href":"https:\/\/eva.sundstrom.st\/index.php?rest_route=%2Fwp%2Fv2%2Fmedia&parent=879"}],"wp:term":[{"taxonomy":"category","embeddable":true,"href":"https:\/\/eva.sundstrom.st\/index.php?rest_route=%2Fwp%2Fv2%2Fcategories&post=879"},{"taxonomy":"post_tag","embeddable":true,"href":"https:\/\/eva.sundstrom.st\/index.php?rest_route=%2Fwp%2Fv2%2Ftags&post=879"}],"curies":[{"name":"wp","href":"https:\/\/api.w.org\/{rel}","templated":true}]}}