{"id":882,"date":"2008-12-13T10:40:25","date_gmt":"2008-12-13T09:40:25","guid":{"rendered":"http:\/\/www.eva.sundstrom.st\/?p=882"},"modified":"2008-12-13T10:40:26","modified_gmt":"2008-12-13T09:40:26","slug":"varfor","status":"publish","type":"post","link":"https:\/\/eva.sundstrom.st\/?p=882","title":{"rendered":"Varf"},"content":{"rendered":"<p>k\u00e4nner jag mig sm\u00e5virrig<br \/>\nhar sv\u00e5rt att koncentrera mig och f\u00e5 n\u00e5got vettigt gjort?<\/p>\n<p>Gubben \u00e4r p\u00e5 v\u00e4g till Arlanda.<br \/>\nYngste sonen kommer hem f\u00f6r jullov.<\/p>\n<p>Rummet \u00e4r utrymt p\u00e5 alla garner och p\u00e5b\u00f6rjade stickningar och s\u00e4ngen \u00e4r b\u00e4ddad.<\/p>\n<p>Min knallev\u00e4ska<\/p>\n<p><a href='http:\/\/www.eva.sundstrom.st\/wp-content\/upload\/dsc03816.jpg' title='dsc03816.jpg'><img src='http:\/\/www.eva.sundstrom.st\/wp-content\/upload\/dsc03816.jpg' alt='dsc03816.jpg' \/><\/a><\/p>\n<p>\u00e4r packad.<\/p>\n<p>Vinterv\u00e4dret <\/p>\n<p><a href='http:\/\/www.eva.sundstrom.st\/wp-content\/upload\/dsc03817.jpg' title='dsc03817.jpg'><img src='http:\/\/www.eva.sundstrom.st\/wp-content\/upload\/dsc03817.jpg' alt='dsc03817.jpg' \/><\/a><\/p>\n<p>h\u00e5ller i sig och lovar r\u00e4tt st\u00e4mmning f\u00f6r byggdedag i advent.<\/p>\n<p>S\u00e5 varf\u00f6r detta  pirrande  i kroppen.<\/p>\n<p>Ok. Det k\u00e4nns extra varje g\u00e5ng den lille sonen,<br \/>\nsom ju blivit vuxen under \u00e5ren i Arjeplog, kommer hem.<br \/>\nHan \u00e4r ju \u00e4nd\u00e5 yngst av syskonen. Lite sladdis dessutom.  Men det hj\u00e4lper inte.<br \/>\nDom v\u00e4xer och blir stora i alla fall. <\/p>\n<p>Det \u00e4r ju s\u00e5 det ska va.<\/p>\n<p>Byggdedag p\u00e5 detta f\u00f6rst\u00e4rker ju f\u00f6rv\u00e4ntnigarna. <\/p>\n<p>Ska det komma n\u00e5gra villiga k\u00f6pare eller f\u00e5r jag b\u00e4ra hem alla grejer igen?<\/p>\n<p>M\u00e5ste bara f\u00e5 visa vad jag f\u00e5tt av en v\u00e4n<\/p>\n<p><a href='http:\/\/www.eva.sundstrom.st\/wp-content\/upload\/dsc03802.jpg' title='dsc03802.jpg'><img src='http:\/\/www.eva.sundstrom.st\/wp-content\/upload\/dsc03802.jpg' alt='dsc03802.jpg' \/><\/a><\/p>\n<p>Gissa om jag blev glad, riktigt r\u00f6rd faktiskt.<\/p>\n<p>Jag \u00e4lskar bl\u00e5tt och den passar perfekt i v\u00e5rt sovrum.<br \/>\nD\u00e4r h\u00e4nger den nu och jag kan se den n\u00e4r jag ska sova eller just har vaknat.<br \/>\nJag f\u00e5r ta mig en sund och titta p\u00e5 den s\u00e5 kanske pirret lugnar sig.<\/p>\n<p>Det finns \u00e4nnu mera \u00e4nglar.<br \/>\nP\u00e5 advensljusstaken som st\u00e5r p\u00e5 altaret i v\u00e5rt f\u00f6rsamlingshem finns en hel \u00e4nglak\u00f6r<\/p>\n<p><a href='http:\/\/www.eva.sundstrom.st\/wp-content\/upload\/dsc03799.jpg' title='dsc03799.jpg'><img src='http:\/\/www.eva.sundstrom.st\/wp-content\/upload\/dsc03799.jpg' alt='dsc03799.jpg' \/><\/a><\/p>\n<p>Jag blir alldeles varm av den.<\/p>\n<p>Ha en bra helg d\u00e4r ute i vida v\u00e4rlden.<br \/>\nLev v\u00e4l och m\u00e5 gott<\/p>\n","protected":false},"excerpt":{"rendered":"<p>k\u00e4nner jag mig sm\u00e5virrig har sv\u00e5rt att koncentrera mig och f\u00e5 n\u00e5got vettigt gjort? Gubben \u00e4r p\u00e5 v\u00e4g till Arlanda. Yngste sonen kommer hem f\u00f6r jullov. Rummet \u00e4r utrymt p\u00e5 alla garner och p\u00e5b\u00f6rjade stickningar och s\u00e4ngen \u00e4r b\u00e4ddad. Min knallev\u00e4ska \u00e4r packad. Vinterv\u00e4dret h\u00e5ller i sig och lovar r\u00e4tt st\u00e4mmning f\u00f6r byggdedag i advent. [&hellip;]<\/p>\n","protected":false},"author":1,"featured_media":0,"comment_status":"open","ping_status":"open","sticky":false,"template":"","format":"standard","meta":{"footnotes":""},"categories":[1],"tags":[],"class_list":["post-882","post","type-post","status-publish","format-standard","hentry","category-uncategorized"],"_links":{"self":[{"href":"https:\/\/eva.sundstrom.st\/index.php?rest_route=\/wp\/v2\/posts\/882","targetHints":{"allow":["GET"]}}],"collection":[{"href":"https:\/\/eva.sundstrom.st\/index.php?rest_route=\/wp\/v2\/posts"}],"about":[{"href":"https:\/\/eva.sundstrom.st\/index.php?rest_route=\/wp\/v2\/types\/post"}],"author":[{"embeddable":true,"href":"https:\/\/eva.sundstrom.st\/index.php?rest_route=\/wp\/v2\/users\/1"}],"replies":[{"embeddable":true,"href":"https:\/\/eva.sundstrom.st\/index.php?rest_route=%2Fwp%2Fv2%2Fcomments&post=882"}],"version-history":[{"count":0,"href":"https:\/\/eva.sundstrom.st\/index.php?rest_route=\/wp\/v2\/posts\/882\/revisions"}],"wp:attachment":[{"href":"https:\/\/eva.sundstrom.st\/index.php?rest_route=%2Fwp%2Fv2%2Fmedia&parent=882"}],"wp:term":[{"taxonomy":"category","embeddable":true,"href":"https:\/\/eva.sundstrom.st\/index.php?rest_route=%2Fwp%2Fv2%2Fcategories&post=882"},{"taxonomy":"post_tag","embeddable":true,"href":"https:\/\/eva.sundstrom.st\/index.php?rest_route=%2Fwp%2Fv2%2Ftags&post=882"}],"curies":[{"name":"wp","href":"https:\/\/api.w.org\/{rel}","templated":true}]}}