{"id":944,"date":"2009-01-07T18:18:42","date_gmt":"2009-01-07T17:18:42","guid":{"rendered":"http:\/\/www.eva.sundstrom.st\/?p=944"},"modified":"2009-01-07T18:24:04","modified_gmt":"2009-01-07T17:24:04","slug":"att-man-aldrig-lar-sig","status":"publish","type":"post","link":"https:\/\/eva.sundstrom.st\/?p=944","title":{"rendered":"Att man aldrig l"},"content":{"rendered":"<p>Jullov tar slut.<br \/>\nEfter att tre barn redan av avverkat hela sin skoltid borde det inte komma som n\u00e5gon \u00f6verraskning.<\/p>\n<p>\u00c4nd\u00e5.<\/p>\n<p>Det k\u00e4nns tungt i dag.<br \/>\nNu \u00e4r verkligen julen \u00f6ver.<br \/>\nYngsten \u00e5kte tillbaka till Arjeplog i dag. \ud83d\ude41<br \/>\nNu g\u00e4ller det att st\u00e4lla in siktet p\u00e5 sportlovet. <\/p>\n<p>F\u00f6r att l\u00e4tta upp st\u00e4mningen vilar  jag \u00f6gonen p\u00e5 min andra vita amaryllis. Den sl\u00e5r nog ut i morgon.<br \/>\nKortet tog jag p\u00e5 f\u00f6rmiddagen och den har redan \u00e4ndrat utseende.<\/p>\n<p><img loading=\"lazy\" decoding=\"async\" src=\"http:\/\/www.eva.sundstrom.st\/wp-content\/upload\/dsc03927.jpg\" alt=\"dsc03927\" title=\"dsc03927\" width=\"293\" height=\"421\" class=\"alignnone size-full wp-image-943\" srcset=\"https:\/\/eva.sundstrom.st\/wp-content\/upload\/dsc03927.jpg 293w, https:\/\/eva.sundstrom.st\/wp-content\/upload\/dsc03927-208x300.jpg 208w\" sizes=\"auto, (max-width: 293px) 100vw, 293px\" \/><\/p>\n<p>N\u00e4r jag kikat runt p\u00e5 bloggarna  nu efter jul verkar m\u00e5nga ha som m\u00e5l att minska sitt garn f\u00f6rr\u00e5d.<\/p>\n<p>N\u00e4r jag t\u00e4nker n\u00e4rmare p\u00e5 saken vore det ingen dum id\u00e9.<br \/>\nVi f\u00e5r se om jag tar mig i kragen och g\u00f6r n\u00e5got \u00e5t det.<\/p>\n<p>I o f\u00f6r sig s\u00e5 har jag redan b\u00f6rjat.<br \/>\nJust nu \u00e4r ett par sm\u00e5sockor p\u00e5 stickorna.<br \/>\nGarnet inhandlades i G\u00f6teborg i h\u00f6stas n\u00e4r jag var p\u00e5 bes\u00f6k hos k\u00e4ra syster.<br \/>\nKommer p\u00e5 bild d\u00e5 dom \u00e4r klara.<br \/>\nHa det gott<\/p>\n","protected":false},"excerpt":{"rendered":"<p>Jullov tar slut. Efter att tre barn redan av avverkat hela sin skoltid borde det inte komma som n\u00e5gon \u00f6verraskning. \u00c4nd\u00e5. Det k\u00e4nns tungt i dag. Nu \u00e4r verkligen julen \u00f6ver. Yngsten \u00e5kte tillbaka till Arjeplog i dag. \ud83d\ude41 Nu g\u00e4ller det att st\u00e4lla in siktet p\u00e5 sportlovet. F\u00f6r att l\u00e4tta upp st\u00e4mningen vilar jag [&hellip;]<\/p>\n","protected":false},"author":1,"featured_media":0,"comment_status":"open","ping_status":"open","sticky":false,"template":"","format":"standard","meta":{"footnotes":""},"categories":[1],"tags":[],"class_list":["post-944","post","type-post","status-publish","format-standard","hentry","category-uncategorized"],"_links":{"self":[{"href":"https:\/\/eva.sundstrom.st\/index.php?rest_route=\/wp\/v2\/posts\/944","targetHints":{"allow":["GET"]}}],"collection":[{"href":"https:\/\/eva.sundstrom.st\/index.php?rest_route=\/wp\/v2\/posts"}],"about":[{"href":"https:\/\/eva.sundstrom.st\/index.php?rest_route=\/wp\/v2\/types\/post"}],"author":[{"embeddable":true,"href":"https:\/\/eva.sundstrom.st\/index.php?rest_route=\/wp\/v2\/users\/1"}],"replies":[{"embeddable":true,"href":"https:\/\/eva.sundstrom.st\/index.php?rest_route=%2Fwp%2Fv2%2Fcomments&post=944"}],"version-history":[{"count":2,"href":"https:\/\/eva.sundstrom.st\/index.php?rest_route=\/wp\/v2\/posts\/944\/revisions"}],"predecessor-version":[{"id":945,"href":"https:\/\/eva.sundstrom.st\/index.php?rest_route=\/wp\/v2\/posts\/944\/revisions\/945"}],"wp:attachment":[{"href":"https:\/\/eva.sundstrom.st\/index.php?rest_route=%2Fwp%2Fv2%2Fmedia&parent=944"}],"wp:term":[{"taxonomy":"category","embeddable":true,"href":"https:\/\/eva.sundstrom.st\/index.php?rest_route=%2Fwp%2Fv2%2Fcategories&post=944"},{"taxonomy":"post_tag","embeddable":true,"href":"https:\/\/eva.sundstrom.st\/index.php?rest_route=%2Fwp%2Fv2%2Ftags&post=944"}],"curies":[{"name":"wp","href":"https:\/\/api.w.org\/{rel}","templated":true}]}}