{"id":9781,"date":"2024-09-01T07:22:12","date_gmt":"2024-09-01T06:22:12","guid":{"rendered":"http:\/\/www.eva.sundstrom.st\/?p=9781"},"modified":"2024-09-01T07:22:12","modified_gmt":"2024-09-01T06:22:12","slug":"sista-lordagen-i-augusti-2024","status":"publish","type":"post","link":"https:\/\/eva.sundstrom.st\/?p=9781","title":{"rendered":"Sista l\u00f6rdagen i Augusti 2024"},"content":{"rendered":"<p><a href=\"http:\/\/www.eva.sundstrom.st\/wp-content\/upload\/IMG_2708.jpg\"><img loading=\"lazy\" decoding=\"async\" src=\"http:\/\/www.eva.sundstrom.st\/wp-content\/upload\/IMG_2708.jpg\" alt=\"IMG_2708\" width=\"616\" height=\"413\" class=\"aligncenter size-full wp-image-9782\" srcset=\"https:\/\/eva.sundstrom.st\/wp-content\/upload\/IMG_2708.jpg 616w, https:\/\/eva.sundstrom.st\/wp-content\/upload\/IMG_2708-300x201.jpg 300w\" sizes=\"auto, (max-width: 616px) 100vw, 616px\" \/><\/a><\/p>\n<p>T\u00e4nk att det blev s\u00e5 \u00e4nnu en g\u00e5ng.<br \/>\nJa marknad har det varit  p\u00e5 Sanneruds bygata i m\u00e5nga \u00e5r nu men det var l\u00e4ngesedan jag var med annat \u00e4n som bes\u00f6kare.<br \/>\nEn v\u00e4n fr\u00e5gade om vi inte skulle dela p\u00e5 ett st\u00e5nd och varf\u00f6r inte!<br \/>\nP\u00c5 det s\u00e4ttet hamnade jag \u00e4nnu en g\u00e5ng som knalle p\u00e5 Sannerudsmarkene i Tiveden!<\/p>\n<p><a href=\"http:\/\/www.eva.sundstrom.st\/wp-content\/upload\/IMG_2711.jpg\"><img loading=\"lazy\" decoding=\"async\" src=\"http:\/\/www.eva.sundstrom.st\/wp-content\/upload\/IMG_2711.jpg\" alt=\"IMG_2711\" width=\"550\" height=\"413\" class=\"aligncenter size-full wp-image-9783\" srcset=\"https:\/\/eva.sundstrom.st\/wp-content\/upload\/IMG_2711.jpg 550w, https:\/\/eva.sundstrom.st\/wp-content\/upload\/IMG_2711-300x225.jpg 300w\" sizes=\"auto, (max-width: 550px) 100vw, 550px\" \/><\/a><\/p>\n","protected":false},"excerpt":{"rendered":"<p>T\u00e4nk att det blev s\u00e5 \u00e4nnu en g\u00e5ng. Ja marknad har det varit p\u00e5 Sanneruds bygata i m\u00e5nga \u00e5r nu men det var l\u00e4ngesedan jag var med annat \u00e4n som bes\u00f6kare. En v\u00e4n fr\u00e5gade om vi inte skulle dela p\u00e5 ett st\u00e5nd och varf\u00f6r inte! P\u00c5 det s\u00e4ttet hamnade jag \u00e4nnu en g\u00e5ng som knalle [&hellip;]<\/p>\n","protected":false},"author":1,"featured_media":0,"comment_status":"open","ping_status":"open","sticky":false,"template":"","format":"standard","meta":{"footnotes":""},"categories":[13],"tags":[],"class_list":["post-9781","post","type-post","status-publish","format-standard","hentry","category-hantverk"],"_links":{"self":[{"href":"https:\/\/eva.sundstrom.st\/index.php?rest_route=\/wp\/v2\/posts\/9781","targetHints":{"allow":["GET"]}}],"collection":[{"href":"https:\/\/eva.sundstrom.st\/index.php?rest_route=\/wp\/v2\/posts"}],"about":[{"href":"https:\/\/eva.sundstrom.st\/index.php?rest_route=\/wp\/v2\/types\/post"}],"author":[{"embeddable":true,"href":"https:\/\/eva.sundstrom.st\/index.php?rest_route=\/wp\/v2\/users\/1"}],"replies":[{"embeddable":true,"href":"https:\/\/eva.sundstrom.st\/index.php?rest_route=%2Fwp%2Fv2%2Fcomments&post=9781"}],"version-history":[{"count":1,"href":"https:\/\/eva.sundstrom.st\/index.php?rest_route=\/wp\/v2\/posts\/9781\/revisions"}],"predecessor-version":[{"id":9784,"href":"https:\/\/eva.sundstrom.st\/index.php?rest_route=\/wp\/v2\/posts\/9781\/revisions\/9784"}],"wp:attachment":[{"href":"https:\/\/eva.sundstrom.st\/index.php?rest_route=%2Fwp%2Fv2%2Fmedia&parent=9781"}],"wp:term":[{"taxonomy":"category","embeddable":true,"href":"https:\/\/eva.sundstrom.st\/index.php?rest_route=%2Fwp%2Fv2%2Fcategories&post=9781"},{"taxonomy":"post_tag","embeddable":true,"href":"https:\/\/eva.sundstrom.st\/index.php?rest_route=%2Fwp%2Fv2%2Ftags&post=9781"}],"curies":[{"name":"wp","href":"https:\/\/api.w.org\/{rel}","templated":true}]}}