{"id":9787,"date":"2024-09-14T06:59:46","date_gmt":"2024-09-14T05:59:46","guid":{"rendered":"http:\/\/www.eva.sundstrom.st\/?p=9787"},"modified":"2024-09-14T06:59:46","modified_gmt":"2024-09-14T05:59:46","slug":"en-aldeles-vanlig-fredag","status":"publish","type":"post","link":"https:\/\/eva.sundstrom.st\/?p=9787","title":{"rendered":"En aldeles vanlig fredag!"},"content":{"rendered":"<p>Ja, fredagar kan k\u00e4nnas sk\u00f6na f\u00f6r snart \u00e4r det helg och tr\u00e5kiga f\u00f6r att man kanske brukar st\u00e4da och inte har n\u00e5gon lust att g\u00f6ra det!<br \/>\nHur det nu \u00e4r med den saken s\u00e5 var fredagen den 13 september en riktigt bra dag.<\/p>\n<p><a href=\"http:\/\/www.eva.sundstrom.st\/wp-content\/upload\/IMG_2741.jpg\"><img loading=\"lazy\" decoding=\"async\" src=\"http:\/\/www.eva.sundstrom.st\/wp-content\/upload\/IMG_2741.jpg\" alt=\"IMG_2741\" width=\"559\" height=\"413\" class=\"aligncenter size-full wp-image-9788\" srcset=\"https:\/\/eva.sundstrom.st\/wp-content\/upload\/IMG_2741.jpg 559w, https:\/\/eva.sundstrom.st\/wp-content\/upload\/IMG_2741-300x221.jpg 300w\" sizes=\"auto, (max-width: 559px) 100vw, 559px\" \/><\/a><\/p>\n<p>Torsdagkv\u00e4ll fick jag en massa fina \u00e4pplen av en god v\u00e4n och i g\u00e5r skar vi \u00e4pplen b\u00e5den gubben och jag.<\/p>\n<p><a href=\"http:\/\/www.eva.sundstrom.st\/wp-content\/upload\/IMG_2742.jpg\"><img loading=\"lazy\" decoding=\"async\" src=\"http:\/\/www.eva.sundstrom.st\/wp-content\/upload\/IMG_2742.jpg\" alt=\"IMG_2742\" width=\"550\" height=\"413\" class=\"aligncenter size-full wp-image-9789\" srcset=\"https:\/\/eva.sundstrom.st\/wp-content\/upload\/IMG_2742.jpg 550w, https:\/\/eva.sundstrom.st\/wp-content\/upload\/IMG_2742-300x225.jpg 300w\" sizes=\"auto, (max-width: 550px) 100vw, 550px\" \/><\/a><\/p>\n<p>Kokade gjorde jag och k\u00e4nde mig rik n\u00e4r jag s\u00e5g resultatet<\/p>\n<p><a href=\"http:\/\/www.eva.sundstrom.st\/wp-content\/upload\/IMG_2778.jpg\"><img loading=\"lazy\" decoding=\"async\" src=\"http:\/\/www.eva.sundstrom.st\/wp-content\/upload\/IMG_2778.jpg\" alt=\"IMG_2778\" width=\"550\" height=\"413\" class=\"aligncenter size-full wp-image-9793\" srcset=\"https:\/\/eva.sundstrom.st\/wp-content\/upload\/IMG_2778.jpg 550w, https:\/\/eva.sundstrom.st\/wp-content\/upload\/IMG_2778-300x225.jpg 300w\" sizes=\"auto, (max-width: 550px) 100vw, 550px\" \/><\/a><\/p>\n<p>V\u00e5rat tr\u00e4d med b\u00e4sta mos\u00e4pplen finns inte kvar s\u00e5 det \u00e4r inte vart \u00e5r vi f\u00e5tt eget mos.<\/p>\n<p>P\u00c5 kv\u00e4llen \u00e5kte vi till stranden vid Skagern! <\/p>\n<p>Bilder kan inte visa hur vackert d\u00e4r var.<br \/>\nJag och min fantasi s\u00e5g ett helt landskap d\u00e4r bland molnen. Sj\u00f6vikar, berg, granskog, skogsbrand och till och med tv\u00e5 helikoptrar som kom f\u00f6r att sl\u00e4cka! Hela tiden \u00e4ndrades bilden lite alltefter som solen sj\u00f6nk!<\/p>\n<p><a href=\"http:\/\/www.eva.sundstrom.st\/wp-content\/upload\/IMG_2746.jpg\"><img loading=\"lazy\" decoding=\"async\" src=\"http:\/\/www.eva.sundstrom.st\/wp-content\/upload\/IMG_2746.jpg\" alt=\"IMG_2746\" width=\"550\" height=\"413\" class=\"aligncenter size-full wp-image-9790\" srcset=\"https:\/\/eva.sundstrom.st\/wp-content\/upload\/IMG_2746.jpg 550w, https:\/\/eva.sundstrom.st\/wp-content\/upload\/IMG_2746-300x225.jpg 300w\" sizes=\"auto, (max-width: 550px) 100vw, 550px\" \/><\/a><\/p>\n<p><a href=\"http:\/\/www.eva.sundstrom.st\/wp-content\/upload\/IMG_27651.jpg\"><img loading=\"lazy\" decoding=\"async\" src=\"http:\/\/www.eva.sundstrom.st\/wp-content\/upload\/IMG_27651.jpg\" alt=\"IMG_2765\" width=\"550\" height=\"325\" class=\"aligncenter size-full wp-image-9791\" srcset=\"https:\/\/eva.sundstrom.st\/wp-content\/upload\/IMG_27651.jpg 550w, https:\/\/eva.sundstrom.st\/wp-content\/upload\/IMG_27651-300x177.jpg 300w\" sizes=\"auto, (max-width: 550px) 100vw, 550px\" \/><\/a><\/p>\n<p><a href=\"http:\/\/www.eva.sundstrom.st\/wp-content\/upload\/IMG_2777.jpg\"><img loading=\"lazy\" decoding=\"async\" src=\"http:\/\/www.eva.sundstrom.st\/wp-content\/upload\/IMG_2777.jpg\" alt=\"IMG_2777\" width=\"550\" height=\"413\" class=\"aligncenter size-full wp-image-9792\" srcset=\"https:\/\/eva.sundstrom.st\/wp-content\/upload\/IMG_2777.jpg 550w, https:\/\/eva.sundstrom.st\/wp-content\/upload\/IMG_2777-300x225.jpg 300w\" sizes=\"auto, (max-width: 550px) 100vw, 550px\" \/><\/a><\/p>\n<p>Till dig som l\u00e4ser detta, Ha en bra helg och ta det lite lugnt!<\/p>\n","protected":false},"excerpt":{"rendered":"<p>Ja, fredagar kan k\u00e4nnas sk\u00f6na f\u00f6r snart \u00e4r det helg och tr\u00e5kiga f\u00f6r att man kanske brukar st\u00e4da och inte har n\u00e5gon lust att g\u00f6ra det! Hur det nu \u00e4r med den saken s\u00e5 var fredagen den 13 september en riktigt bra dag. Torsdagkv\u00e4ll fick jag en massa fina \u00e4pplen av en god v\u00e4n och [&hellip;]<\/p>\n","protected":false},"author":1,"featured_media":0,"comment_status":"open","ping_status":"open","sticky":false,"template":"","format":"standard","meta":{"footnotes":""},"categories":[9,16],"tags":[],"class_list":["post-9787","post","type-post","status-publish","format-standard","hentry","category-livet","category-natur"],"_links":{"self":[{"href":"https:\/\/eva.sundstrom.st\/index.php?rest_route=\/wp\/v2\/posts\/9787","targetHints":{"allow":["GET"]}}],"collection":[{"href":"https:\/\/eva.sundstrom.st\/index.php?rest_route=\/wp\/v2\/posts"}],"about":[{"href":"https:\/\/eva.sundstrom.st\/index.php?rest_route=\/wp\/v2\/types\/post"}],"author":[{"embeddable":true,"href":"https:\/\/eva.sundstrom.st\/index.php?rest_route=\/wp\/v2\/users\/1"}],"replies":[{"embeddable":true,"href":"https:\/\/eva.sundstrom.st\/index.php?rest_route=%2Fwp%2Fv2%2Fcomments&post=9787"}],"version-history":[{"count":2,"href":"https:\/\/eva.sundstrom.st\/index.php?rest_route=\/wp\/v2\/posts\/9787\/revisions"}],"predecessor-version":[{"id":9795,"href":"https:\/\/eva.sundstrom.st\/index.php?rest_route=\/wp\/v2\/posts\/9787\/revisions\/9795"}],"wp:attachment":[{"href":"https:\/\/eva.sundstrom.st\/index.php?rest_route=%2Fwp%2Fv2%2Fmedia&parent=9787"}],"wp:term":[{"taxonomy":"category","embeddable":true,"href":"https:\/\/eva.sundstrom.st\/index.php?rest_route=%2Fwp%2Fv2%2Fcategories&post=9787"},{"taxonomy":"post_tag","embeddable":true,"href":"https:\/\/eva.sundstrom.st\/index.php?rest_route=%2Fwp%2Fv2%2Ftags&post=9787"}],"curies":[{"name":"wp","href":"https:\/\/api.w.org\/{rel}","templated":true}]}}