{"id":9806,"date":"2024-10-13T12:04:22","date_gmt":"2024-10-13T11:04:22","guid":{"rendered":"http:\/\/www.eva.sundstrom.st\/?p=9806"},"modified":"2024-10-13T12:04:22","modified_gmt":"2024-10-13T11:04:22","slug":"oktober-den-13-2024","status":"publish","type":"post","link":"https:\/\/eva.sundstrom.st\/?p=9806","title":{"rendered":"Oktober den 13, 2024"},"content":{"rendered":"<p>Lite h\u00f6stbilder passar v\u00e4l att dela en s\u00e5dan h\u00e4r dag!<\/p>\n<p><a href=\"http:\/\/www.eva.sundstrom.st\/wp-content\/upload\/IMG_2864.jpg\"><img loading=\"lazy\" decoding=\"async\" src=\"http:\/\/www.eva.sundstrom.st\/wp-content\/upload\/IMG_2864.jpg\" alt=\"IMG_2864\" width=\"551\" height=\"413\" class=\"aligncenter size-full wp-image-9808\" srcset=\"https:\/\/eva.sundstrom.st\/wp-content\/upload\/IMG_2864.jpg 551w, https:\/\/eva.sundstrom.st\/wp-content\/upload\/IMG_2864-300x224.jpg 300w\" sizes=\"auto, (max-width: 551px) 100vw, 551px\" \/><\/a><\/p>\n<p><a href=\"http:\/\/www.eva.sundstrom.st\/wp-content\/upload\/IMG_2866.jpg\"><img loading=\"lazy\" decoding=\"async\" src=\"http:\/\/www.eva.sundstrom.st\/wp-content\/upload\/IMG_2866.jpg\" alt=\"IMG_2866\" width=\"416\" height=\"413\" class=\"aligncenter size-full wp-image-9809\" srcset=\"https:\/\/eva.sundstrom.st\/wp-content\/upload\/IMG_2866.jpg 416w, https:\/\/eva.sundstrom.st\/wp-content\/upload\/IMG_2866-150x150.jpg 150w, https:\/\/eva.sundstrom.st\/wp-content\/upload\/IMG_2866-300x297.jpg 300w\" sizes=\"auto, (max-width: 416px) 100vw, 416px\" \/><\/a><\/p>\n<p><a href=\"http:\/\/www.eva.sundstrom.st\/wp-content\/upload\/IMG_2867.jpg\"><img loading=\"lazy\" decoding=\"async\" src=\"http:\/\/www.eva.sundstrom.st\/wp-content\/upload\/IMG_2867.jpg\" alt=\"IMG_2867\" width=\"330\" height=\"413\" class=\"aligncenter size-full wp-image-9810\" srcset=\"https:\/\/eva.sundstrom.st\/wp-content\/upload\/IMG_2867.jpg 330w, https:\/\/eva.sundstrom.st\/wp-content\/upload\/IMG_2867-239x300.jpg 239w\" sizes=\"auto, (max-width: 330px) 100vw, 330px\" \/><\/a> <\/p>\n<p>Ja, jag tycker h\u00f6sten \u00e4r s\u00e5 vacker! Precis som de andra tre \u00e5rstiderna har sin tjusning.<br \/>\nAlla vackra f\u00e4rger, den h\u00f6ga klara luften en solskensdag och det goa att krypa in med ett handarbete n\u00e4r det \u00e4r gr\u00e5a regnv\u00e4dersdagar.<br \/>\nP\u00e5 morgonen i dag var det soligt men nu regnar det och jag passar p\u00e5 att blogga lite.<\/p>\n<p>P\u00e5 handarbetsfronten har det blivit ett par nya sockor i J\u00e4rbo mellanraggi<\/p>\n<p><a href=\"http:\/\/www.eva.sundstrom.st\/wp-content\/upload\/IMG_2858.jpg\"><img loading=\"lazy\" decoding=\"async\" src=\"http:\/\/www.eva.sundstrom.st\/wp-content\/upload\/IMG_2858.jpg\" alt=\"IMG_2858\" width=\"587\" height=\"413\" class=\"aligncenter size-full wp-image-9807\" srcset=\"https:\/\/eva.sundstrom.st\/wp-content\/upload\/IMG_2858.jpg 587w, https:\/\/eva.sundstrom.st\/wp-content\/upload\/IMG_2858-300x211.jpg 300w\" sizes=\"auto, (max-width: 587px) 100vw, 587px\" \/><\/a><\/p>\n<p>Ett par nya f\u00f6tter i gamla skaft, vanligt raggsocksgarn!<\/p>\n<p><a href=\"http:\/\/www.eva.sundstrom.st\/wp-content\/upload\/IMG_2875.jpg\"><img loading=\"lazy\" decoding=\"async\" src=\"http:\/\/www.eva.sundstrom.st\/wp-content\/upload\/IMG_2875.jpg\" alt=\"IMG_2875\" width=\"547\" height=\"413\" class=\"aligncenter size-full wp-image-9812\" srcset=\"https:\/\/eva.sundstrom.st\/wp-content\/upload\/IMG_2875.jpg 547w, https:\/\/eva.sundstrom.st\/wp-content\/upload\/IMG_2875-300x226.jpg 300w\" sizes=\"auto, (max-width: 547px) 100vw, 547px\" \/><\/a><\/p>\n<p>Och s\u00e5 blev jag arbetsl\u00f6s och b\u00f6rjade kroka \u00e4nnu en disktrasa.<\/p>\n<p><a href=\"http:\/\/www.eva.sundstrom.st\/wp-content\/upload\/IMG_2872.jpg\"><img loading=\"lazy\" decoding=\"async\" src=\"http:\/\/www.eva.sundstrom.st\/wp-content\/upload\/IMG_2872.jpg\" alt=\"IMG_2872\" width=\"398\" height=\"413\" class=\"aligncenter size-full wp-image-9811\" srcset=\"https:\/\/eva.sundstrom.st\/wp-content\/upload\/IMG_2872.jpg 398w, https:\/\/eva.sundstrom.st\/wp-content\/upload\/IMG_2872-289x300.jpg 289w\" sizes=\"auto, (max-width: 398px) 100vw, 398px\" \/><\/a><\/p>\n<p>R\u00e5der ingen brist p\u00e5 s\u00e5dana i detta hus!<\/p>\n","protected":false},"excerpt":{"rendered":"<p>Lite h\u00f6stbilder passar v\u00e4l att dela en s\u00e5dan h\u00e4r dag! Ja, jag tycker h\u00f6sten \u00e4r s\u00e5 vacker! Precis som de andra tre \u00e5rstiderna har sin tjusning. Alla vackra f\u00e4rger, den h\u00f6ga klara luften en solskensdag och det goa att krypa in med ett handarbete n\u00e4r det \u00e4r gr\u00e5a regnv\u00e4dersdagar. P\u00e5 morgonen i dag var det [&hellip;]<\/p>\n","protected":false},"author":1,"featured_media":0,"comment_status":"open","ping_status":"open","sticky":false,"template":"","format":"standard","meta":{"footnotes":""},"categories":[13,16],"tags":[],"class_list":["post-9806","post","type-post","status-publish","format-standard","hentry","category-hantverk","category-natur"],"_links":{"self":[{"href":"https:\/\/eva.sundstrom.st\/index.php?rest_route=\/wp\/v2\/posts\/9806","targetHints":{"allow":["GET"]}}],"collection":[{"href":"https:\/\/eva.sundstrom.st\/index.php?rest_route=\/wp\/v2\/posts"}],"about":[{"href":"https:\/\/eva.sundstrom.st\/index.php?rest_route=\/wp\/v2\/types\/post"}],"author":[{"embeddable":true,"href":"https:\/\/eva.sundstrom.st\/index.php?rest_route=\/wp\/v2\/users\/1"}],"replies":[{"embeddable":true,"href":"https:\/\/eva.sundstrom.st\/index.php?rest_route=%2Fwp%2Fv2%2Fcomments&post=9806"}],"version-history":[{"count":2,"href":"https:\/\/eva.sundstrom.st\/index.php?rest_route=\/wp\/v2\/posts\/9806\/revisions"}],"predecessor-version":[{"id":9814,"href":"https:\/\/eva.sundstrom.st\/index.php?rest_route=\/wp\/v2\/posts\/9806\/revisions\/9814"}],"wp:attachment":[{"href":"https:\/\/eva.sundstrom.st\/index.php?rest_route=%2Fwp%2Fv2%2Fmedia&parent=9806"}],"wp:term":[{"taxonomy":"category","embeddable":true,"href":"https:\/\/eva.sundstrom.st\/index.php?rest_route=%2Fwp%2Fv2%2Fcategories&post=9806"},{"taxonomy":"post_tag","embeddable":true,"href":"https:\/\/eva.sundstrom.st\/index.php?rest_route=%2Fwp%2Fv2%2Ftags&post=9806"}],"curies":[{"name":"wp","href":"https:\/\/api.w.org\/{rel}","templated":true}]}}