{"id":9830,"date":"2024-11-22T14:29:53","date_gmt":"2024-11-22T13:29:53","guid":{"rendered":"http:\/\/www.eva.sundstrom.st\/?p=9830"},"modified":"2024-11-22T14:29:53","modified_gmt":"2024-11-22T13:29:53","slug":"forsta-snon-2","status":"publish","type":"post","link":"https:\/\/eva.sundstrom.st\/?p=9830","title":{"rendered":"F\u00f6rsta sn\u00f6n!"},"content":{"rendered":"<p>Torsdag morgon n\u00e4r jag drog upp rullgardinen s\u00e5 var det vitt ute! <\/p>\n<p><a href=\"http:\/\/www.eva.sundstrom.st\/wp-content\/upload\/IMG_2983.jpg\"><img loading=\"lazy\" decoding=\"async\" src=\"http:\/\/www.eva.sundstrom.st\/wp-content\/upload\/IMG_2983.jpg\" alt=\"IMG_2983\" width=\"373\" height=\"413\" class=\"aligncenter size-full wp-image-9834\" srcset=\"https:\/\/eva.sundstrom.st\/wp-content\/upload\/IMG_2983.jpg 373w, https:\/\/eva.sundstrom.st\/wp-content\/upload\/IMG_2983-270x300.jpg 270w\" sizes=\"auto, (max-width: 373px) 100vw, 373px\" \/><\/a><\/p>\n<p>P\u00e5 bilden \u00e4r det utsikten jag ser fr\u00e5n min favoritplats. Ljust, litet rum p\u00e5 andra v\u00e5ningen.<br \/>\nB\u00e4sta st\u00e4ller att handarbeta p\u00e5.<\/p>\n<p>Hela sommaren har jag lyssnat p\u00e5 en serie om avdelning Q, en nybildad avdelning inom polisen i Dannmark! Jussi Adler-Olsen har skrivit och Stefan Sauk l\u00e4ser. Hela serien best\u00e5r av 10 b\u00f6cker.<br \/>\nF\u00f6rsta och sista boken p\u00e5 bild.<\/p>\n<p><a href=\"http:\/\/www.eva.sundstrom.st\/wp-content\/upload\/IMG_2984.jpg\"><img loading=\"lazy\" decoding=\"async\" src=\"http:\/\/www.eva.sundstrom.st\/wp-content\/upload\/IMG_2984.jpg\" alt=\"IMG_2984\" width=\"425\" height=\"413\" class=\"aligncenter size-full wp-image-9835\" srcset=\"https:\/\/eva.sundstrom.st\/wp-content\/upload\/IMG_2984.jpg 425w, https:\/\/eva.sundstrom.st\/wp-content\/upload\/IMG_2984-300x291.jpg 300w\" sizes=\"auto, (max-width: 425px) 100vw, 425px\" \/><\/a><\/p>\n<p><a href=\"http:\/\/www.eva.sundstrom.st\/wp-content\/upload\/IMG_2985.jpg\"><img loading=\"lazy\" decoding=\"async\" src=\"http:\/\/www.eva.sundstrom.st\/wp-content\/upload\/IMG_2985.jpg\" alt=\"IMG_2985\" width=\"426\" height=\"413\" class=\"aligncenter size-full wp-image-9836\" srcset=\"https:\/\/eva.sundstrom.st\/wp-content\/upload\/IMG_2985.jpg 426w, https:\/\/eva.sundstrom.st\/wp-content\/upload\/IMG_2985-300x290.jpg 300w\" sizes=\"auto, (max-width: 426px) 100vw, 426px\" \/><\/a><\/p>\n<p>Har \u00e4ven lyssnat p\u00e5 sista boken om Svart\u00e5 av Christina Erikson<\/p>\n<p><a href=\"http:\/\/www.eva.sundstrom.st\/wp-content\/upload\/IMG_2977.jpg\"><img loading=\"lazy\" decoding=\"async\" src=\"http:\/\/www.eva.sundstrom.st\/wp-content\/upload\/IMG_2977.jpg\" alt=\"IMG_2977\" width=\"430\" height=\"413\" class=\"aligncenter size-full wp-image-9831\" srcset=\"https:\/\/eva.sundstrom.st\/wp-content\/upload\/IMG_2977.jpg 430w, https:\/\/eva.sundstrom.st\/wp-content\/upload\/IMG_2977-300x288.jpg 300w\" sizes=\"auto, (max-width: 430px) 100vw, 430px\" \/><\/a><\/p>\n<p>P\u00e5 handarbetsfronten har det blivit ett par raggisar st 43 och garnet \u00e4r J\u00e4rbos raggi. <\/p>\n<p><a href=\"http:\/\/www.eva.sundstrom.st\/wp-content\/upload\/IMG_2980.jpg\"><img loading=\"lazy\" decoding=\"async\" src=\"http:\/\/www.eva.sundstrom.st\/wp-content\/upload\/IMG_2980.jpg\" alt=\"IMG_2980\" width=\"533\" height=\"413\" class=\"aligncenter size-full wp-image-9832\" srcset=\"https:\/\/eva.sundstrom.st\/wp-content\/upload\/IMG_2980.jpg 533w, https:\/\/eva.sundstrom.st\/wp-content\/upload\/IMG_2980-300x232.jpg 300w\" sizes=\"auto, (max-width: 533px) 100vw, 533px\" \/><\/a> <\/p>\n<p>Lite kul sm\u00e5pyssel har det ocks\u00e5 blivit<\/p>\n<p><a href=\"http:\/\/www.eva.sundstrom.st\/wp-content\/upload\/IMG_2981.jpg\"><img loading=\"lazy\" decoding=\"async\" src=\"http:\/\/www.eva.sundstrom.st\/wp-content\/upload\/IMG_2981.jpg\" alt=\"IMG_2981\" width=\"477\" height=\"413\" class=\"aligncenter size-full wp-image-9833\" srcset=\"https:\/\/eva.sundstrom.st\/wp-content\/upload\/IMG_2981.jpg 477w, https:\/\/eva.sundstrom.st\/wp-content\/upload\/IMG_2981-300x259.jpg 300w\" sizes=\"auto, (max-width: 477px) 100vw, 477px\" \/><\/a><\/p>\n<p>Lev v\u00e4l och m\u00e5 gott!<\/p>\n","protected":false},"excerpt":{"rendered":"<p>Torsdag morgon n\u00e4r jag drog upp rullgardinen s\u00e5 var det vitt ute! P\u00e5 bilden \u00e4r det utsikten jag ser fr\u00e5n min favoritplats. Ljust, litet rum p\u00e5 andra v\u00e5ningen. B\u00e4sta st\u00e4ller att handarbeta p\u00e5. Hela sommaren har jag lyssnat p\u00e5 en serie om avdelning Q, en nybildad avdelning inom polisen i Dannmark! Jussi Adler-Olsen har skrivit [&hellip;]<\/p>\n","protected":false},"author":1,"featured_media":0,"comment_status":"open","ping_status":"open","sticky":false,"template":"","format":"standard","meta":{"footnotes":""},"categories":[3,13,10],"tags":[],"class_list":["post-9830","post","type-post","status-publish","format-standard","hentry","category-bocker","category-hantverk","category-vader"],"_links":{"self":[{"href":"https:\/\/eva.sundstrom.st\/index.php?rest_route=\/wp\/v2\/posts\/9830","targetHints":{"allow":["GET"]}}],"collection":[{"href":"https:\/\/eva.sundstrom.st\/index.php?rest_route=\/wp\/v2\/posts"}],"about":[{"href":"https:\/\/eva.sundstrom.st\/index.php?rest_route=\/wp\/v2\/types\/post"}],"author":[{"embeddable":true,"href":"https:\/\/eva.sundstrom.st\/index.php?rest_route=\/wp\/v2\/users\/1"}],"replies":[{"embeddable":true,"href":"https:\/\/eva.sundstrom.st\/index.php?rest_route=%2Fwp%2Fv2%2Fcomments&post=9830"}],"version-history":[{"count":2,"href":"https:\/\/eva.sundstrom.st\/index.php?rest_route=\/wp\/v2\/posts\/9830\/revisions"}],"predecessor-version":[{"id":9838,"href":"https:\/\/eva.sundstrom.st\/index.php?rest_route=\/wp\/v2\/posts\/9830\/revisions\/9838"}],"wp:attachment":[{"href":"https:\/\/eva.sundstrom.st\/index.php?rest_route=%2Fwp%2Fv2%2Fmedia&parent=9830"}],"wp:term":[{"taxonomy":"category","embeddable":true,"href":"https:\/\/eva.sundstrom.st\/index.php?rest_route=%2Fwp%2Fv2%2Fcategories&post=9830"},{"taxonomy":"post_tag","embeddable":true,"href":"https:\/\/eva.sundstrom.st\/index.php?rest_route=%2Fwp%2Fv2%2Ftags&post=9830"}],"curies":[{"name":"wp","href":"https:\/\/api.w.org\/{rel}","templated":true}]}}